{"id":53441,"date":"2025-11-07T20:21:44","date_gmt":"2025-11-08T02:21:44","guid":{"rendered":"https:\/\/labestiapolitica.com.mx\/?p=53441"},"modified":"2025-11-07T20:21:44","modified_gmt":"2025-11-08T02:21:44","slug":"gobierno-de-javier-rivera-celebra-el-50-aniversario-del-instituto-tecnologico-de-apizaco","status":"publish","type":"post","link":"https:\/\/labestiapolitica.com.mx\/?p=53441","title":{"rendered":"Gobierno de Javier Rivera celebra el 50 aniversario del Instituto Tecnol\u00f3gico de Apizaco."},"content":{"rendered":"<ul>\n<li style=\"text-align: justify;\">Se realizo carrera de 5 kil\u00f3metros y reconocimiento a su comunidad acad\u00e9mica<\/li>\n<\/ul>\n<p style=\"text-align: justify;\">El presidente municipal Javier Rivera Bonilla encabez\u00f3 la ceremonia de la Carrera de 5 Kil\u00f3metros conmemorativa por el 50 aniversario del Instituto Tecnol\u00f3gico de Apizaco, donde extendi\u00f3 a trav\u00e9s de sus autoridades, un afectuoso saludo a la doctora Yesica Imelda Saavedra Ben\u00edtez, directora de la instituci\u00f3n, y reconoci\u00f3 la trayectoria del plantel como un pilar en la formaci\u00f3n de profesionistas comprometidos con el desarrollo de la regi\u00f3n.<\/p>\n<p style=\"text-align: justify;\">En su mensaje, el alcalde destac\u00f3 que <em>\u201cdurante 50 a\u00f1os, el Tecnol\u00f3gico de Apizaco ha formado generaciones de mujeres y hombres que con su conocimiento y vocaci\u00f3n han contribuido al progreso de nuestra ciudad y de Tlaxcala. Este aniversario simboliza el esfuerzo, la disciplina y la unidad que fortalecen a Apizaco\u201d<\/em>.<\/p>\n<p style=\"text-align: justify;\">La competencia deportiva reuni\u00f3 a decenas de estudiantes, docentes y ciudadan\u00eda en general, quienes recorrieron con entusiasmo las principales calles de la ciudad, reflejando el esp\u00edritu de superaci\u00f3n que caracteriza a la comunidad tecnol\u00f3gica.<\/p>\n<p style=\"text-align: justify;\">Al finalizar la carrera, se llev\u00f3 a cabo la ceremonia de premiaci\u00f3n a los 6 ganadores de las categor\u00edas femenil y varonil.<\/p>\n<p style=\"text-align: justify;\">El Gobierno Municipal de Apizaco reafirma su compromiso con la educaci\u00f3n, el deporte y la juventud, pilares fundamentales para construir una sociedad m\u00e1s fuerte, saludable y unida.<\/p>\n","protected":false},"excerpt":{"rendered":"<p>Se realizo carrera de 5 kil\u00f3metros y reconocimiento a su comunidad acad\u00e9mica El presidente municipal Javier Rivera Bonilla encabez\u00f3 la ceremonia de la Carrera de 5 Kil\u00f3metros conmemorativa por el 50 aniversario del Instituto Tecnol\u00f3gico de Apizaco, donde extendi\u00f3 a trav\u00e9s de sus autoridades, un afectuoso saludo a la doctora Yesica Imelda Saavedra Ben\u00edtez, directora [&hellip;]<\/p>\n","protected":false},"author":5,"featured_media":53442,"comment_status":"open","ping_status":"open","sticky":false,"template":"","format":"standard","meta":{"footnotes":""},"categories":[226,7,213,216],"tags":[],"class_list":["post-53441","post","type-post","status-publish","format-standard","has-post-thumbnail","hentry","category-apizaco","category-ciudadanos","category-educacion","category-municipios"],"amp_enabled":true,"_links":{"self":[{"href":"https:\/\/labestiapolitica.com.mx\/index.php?rest_route=\/wp\/v2\/posts\/53441","targetHints":{"allow":["GET"]}}],"collection":[{"href":"https:\/\/labestiapolitica.com.mx\/index.php?rest_route=\/wp\/v2\/posts"}],"about":[{"href":"https:\/\/labestiapolitica.com.mx\/index.php?rest_route=\/wp\/v2\/types\/post"}],"author":[{"embeddable":true,"href":"https:\/\/labestiapolitica.com.mx\/index.php?rest_route=\/wp\/v2\/users\/5"}],"replies":[{"embeddable":true,"href":"https:\/\/labestiapolitica.com.mx\/index.php?rest_route=%2Fwp%2Fv2%2Fcomments&post=53441"}],"version-history":[{"count":1,"href":"https:\/\/labestiapolitica.com.mx\/index.php?rest_route=\/wp\/v2\/posts\/53441\/revisions"}],"predecessor-version":[{"id":53443,"href":"https:\/\/labestiapolitica.com.mx\/index.php?rest_route=\/wp\/v2\/posts\/53441\/revisions\/53443"}],"wp:featuredmedia":[{"embeddable":true,"href":"https:\/\/labestiapolitica.com.mx\/index.php?rest_route=\/wp\/v2\/media\/53442"}],"wp:attachment":[{"href":"https:\/\/labestiapolitica.com.mx\/index.php?rest_route=%2Fwp%2Fv2%2Fmedia&parent=53441"}],"wp:term":[{"taxonomy":"category","embeddable":true,"href":"https:\/\/labestiapolitica.com.mx\/index.php?rest_route=%2Fwp%2Fv2%2Fcategories&post=53441"},{"taxonomy":"post_tag","embeddable":true,"href":"https:\/\/labestiapolitica.com.mx\/index.php?rest_route=%2Fwp%2Fv2%2Ftags&post=53441"}],"curies":[{"name":"wp","href":"https:\/\/api.w.org\/{rel}","templated":true}]}}