{"id":53444,"date":"2025-11-07T20:23:36","date_gmt":"2025-11-08T02:23:36","guid":{"rendered":"https:\/\/labestiapolitica.com.mx\/?p=53444"},"modified":"2025-11-07T20:23:36","modified_gmt":"2025-11-08T02:23:36","slug":"presidente-de-apizaco-toma-protesta-al-nuevo-comite-vecinal-de-la-unidad-habitacional-loma-verde-petroquimica","status":"publish","type":"post","link":"https:\/\/labestiapolitica.com.mx\/?p=53444","title":{"rendered":"Presidente de Apizaco toma protesta al nuevo Comit\u00e9 Vecinal de la Unidad Habitacional Loma Verde Petroqu\u00edmica."},"content":{"rendered":"<p style=\"text-align: justify;\">El presidente municipal Javier Rivera Bonilla encabez\u00f3 la ceremonia de toma de protesta del Comit\u00e9 Vecinal de la Unidad Habitacional Loma Verde Petroqu\u00edmica, en compa\u00f1\u00eda de la directora de Gobernaci\u00f3n del municipio y vecinas y vecinos del lugar, refrendando su compromiso con la participaci\u00f3n ciudadana y la organizaci\u00f3n comunitaria.<\/p>\n<p style=\"text-align: justify;\">Durante el acto, realizado la tarde de este jueves 6 de noviembre, el alcalde dirigi\u00f3 el mensaje oficial en el que exhort\u00f3 a los nuevos integrantes del comit\u00e9 a desempe\u00f1ar su encargo con lealtad, respeto, transparencia y responsabilidad, siempre velando por el bienestar de su zona habitacional y fortaleciendo la colaboraci\u00f3n con las autoridades municipales.<\/p>\n<p style=\"text-align: justify;\">Al finalizar la toma de protesta, el presidente municipal expres\u00f3 su reconocimiento a los vecinos por asumir este compromiso ciudadano, destacando que: <em>\u201cla participaci\u00f3n vecinal es el coraz\u00f3n de un gobierno cercano, porque es en las colonias y comunidades donde se construye la verdadera transformaci\u00f3n de Apizaco\u201d<\/em>.<\/p>\n<p style=\"text-align: justify;\">El Ayuntamiento de Apizaco continuar\u00e1 impulsando la organizaci\u00f3n social y el trabajo conjunto con los comit\u00e9s vecinales, como parte de su estrategia de gobernanza participativa, cercan\u00eda con la gente y fortalecimiento del tejido comunitario.<\/p>\n","protected":false},"excerpt":{"rendered":"<p>El presidente municipal Javier Rivera Bonilla encabez\u00f3 la ceremonia de toma de protesta del Comit\u00e9 Vecinal de la Unidad Habitacional Loma Verde Petroqu\u00edmica, en compa\u00f1\u00eda de la directora de Gobernaci\u00f3n del municipio y vecinas y vecinos del lugar, refrendando su compromiso con la participaci\u00f3n ciudadana y la organizaci\u00f3n comunitaria. Durante el acto, realizado la tarde [&hellip;]<\/p>\n","protected":false},"author":5,"featured_media":53445,"comment_status":"open","ping_status":"open","sticky":false,"template":"","format":"standard","meta":{"footnotes":""},"categories":[226,12,216],"tags":[],"class_list":["post-53444","post","type-post","status-publish","format-standard","has-post-thumbnail","hentry","category-apizaco","category-brujula-2026","category-municipios"],"amp_enabled":true,"_links":{"self":[{"href":"https:\/\/labestiapolitica.com.mx\/index.php?rest_route=\/wp\/v2\/posts\/53444","targetHints":{"allow":["GET"]}}],"collection":[{"href":"https:\/\/labestiapolitica.com.mx\/index.php?rest_route=\/wp\/v2\/posts"}],"about":[{"href":"https:\/\/labestiapolitica.com.mx\/index.php?rest_route=\/wp\/v2\/types\/post"}],"author":[{"embeddable":true,"href":"https:\/\/labestiapolitica.com.mx\/index.php?rest_route=\/wp\/v2\/users\/5"}],"replies":[{"embeddable":true,"href":"https:\/\/labestiapolitica.com.mx\/index.php?rest_route=%2Fwp%2Fv2%2Fcomments&post=53444"}],"version-history":[{"count":1,"href":"https:\/\/labestiapolitica.com.mx\/index.php?rest_route=\/wp\/v2\/posts\/53444\/revisions"}],"predecessor-version":[{"id":53446,"href":"https:\/\/labestiapolitica.com.mx\/index.php?rest_route=\/wp\/v2\/posts\/53444\/revisions\/53446"}],"wp:featuredmedia":[{"embeddable":true,"href":"https:\/\/labestiapolitica.com.mx\/index.php?rest_route=\/wp\/v2\/media\/53445"}],"wp:attachment":[{"href":"https:\/\/labestiapolitica.com.mx\/index.php?rest_route=%2Fwp%2Fv2%2Fmedia&parent=53444"}],"wp:term":[{"taxonomy":"category","embeddable":true,"href":"https:\/\/labestiapolitica.com.mx\/index.php?rest_route=%2Fwp%2Fv2%2Fcategories&post=53444"},{"taxonomy":"post_tag","embeddable":true,"href":"https:\/\/labestiapolitica.com.mx\/index.php?rest_route=%2Fwp%2Fv2%2Ftags&post=53444"}],"curies":[{"name":"wp","href":"https:\/\/api.w.org\/{rel}","templated":true}]}}