{"id":53448,"date":"2025-11-07T23:13:35","date_gmt":"2025-11-08T05:13:35","guid":{"rendered":"https:\/\/labestiapolitica.com.mx\/?p=53448"},"modified":"2025-11-14T08:25:16","modified_gmt":"2025-11-14T14:25:16","slug":"tras-jornada-de-tension-tianguistas-y-ayuntamiento-pactan-acuerdo-provisional","status":"publish","type":"post","link":"https:\/\/labestiapolitica.com.mx\/?p=53448","title":{"rendered":"Tras jornada de tensi\u00f3n, tianguistas y ayuntamiento pactan acuerdo provisional"},"content":{"rendered":"<ul>\n<li class=\"p1\" style=\"text-align: justify;\">Un conflicto por el horario de instalaci\u00f3n del mercado sabatino en la explanada capitalina deriv\u00f3 en forcejeos y gritos entre vendedores y elementos de seguridad, antes de que se lograra un di\u00e1logo y un pacto temporal.<\/li>\n<\/ul>\n<p class=\"p1\" style=\"text-align: justify;\"><span class=\"s1\">Una disputa por el acceso a la explanada del mercado sabatino gener\u00f3 una tensa confrontaci\u00f3n esta noche, cuando el ayuntamiento impidi\u00f3 a un grupo de tianguistas instalarse desde el viernes bas\u00e1ndose en un \u00abacuerdo previo\u00bb.<\/span><\/p>\n<p class=\"p1\" style=\"text-align: justify;\"><span class=\"s1\">Luis Alberto Aduna, director de Comercio de la capital, inform\u00f3 a los vendedores que dicho \u201cacuerdo\u201d hab\u00eda sido firmado por 22 comerciantes. La medida, sin embargo, desat\u00f3 la inconformidad de los tianguistas, quienes desconocieron ese pacto, y argumentaron que necesitan instalarse desde las 19:00 horas<span class=\"Apple-converted-space\">\u00a0 <\/span>del viernes para comenzar con la venta al mayoreo.<\/span><\/p>\n<p class=\"p1\" style=\"text-align: justify;\"><span class=\"s1\">La negativa inicial desencaden\u00f3 una jornada de forcejeos, gritos, golpes y patadas contra las unidades que resguardaban el lugar, en un enfrentamiento entre los vendedores y los elementos de seguridad.<\/span><\/p>\n<p class=\"p1\" style=\"text-align: justify;\"><span class=\"s1\">Posteriormente, y una vez restablecida la calma, ambas partes iniciaron un di\u00e1logo que, tras casi una hora, result\u00f3 en un acuerdo provisional. Se pact\u00f3 una nueva reuni\u00f3n para el pr\u00f3ximo mi\u00e9rcoles para buscar una soluci\u00f3n definitiva.<\/span><\/p>\n<p class=\"p1\" style=\"text-align: justify;\"><span class=\"s1\">Finalmente, se dio instrucci\u00f3n de permitir el acceso a los tianguistas, quienes, no obstante, lamentaron que sus ventas ya se hab\u00edan visto afectadas por el retraso.<\/span><\/p>\n<p style=\"text-align: justify;\">Los quejosos \u00a0se\u00f1alaron que por m\u00e1s de 30 a\u00f1os se han instalado desde la noche del viernes, por lo que exigieron al alcalde Alfonso Sanchez \u00a0Garc\u00eda respetar ese horario y reunirse con ellos, as\u00ed como cuando les solicit\u00f3 el voto.<\/p>\n","protected":false},"excerpt":{"rendered":"<p>Un conflicto por el horario de instalaci\u00f3n del mercado sabatino en la explanada capitalina deriv\u00f3 en forcejeos y gritos entre vendedores y elementos de seguridad, antes de que se lograra un di\u00e1logo y un pacto temporal. Una disputa por el acceso a la explanada del mercado sabatino gener\u00f3 una tensa confrontaci\u00f3n esta noche, cuando el [&hellip;]<\/p>\n","protected":false},"author":6,"featured_media":53450,"comment_status":"open","ping_status":"open","sticky":false,"template":"","format":"standard","meta":{"footnotes":""},"categories":[12,7],"tags":[],"class_list":["post-53448","post","type-post","status-publish","format-standard","has-post-thumbnail","hentry","category-brujula-2026","category-ciudadanos"],"amp_enabled":true,"_links":{"self":[{"href":"https:\/\/labestiapolitica.com.mx\/index.php?rest_route=\/wp\/v2\/posts\/53448","targetHints":{"allow":["GET"]}}],"collection":[{"href":"https:\/\/labestiapolitica.com.mx\/index.php?rest_route=\/wp\/v2\/posts"}],"about":[{"href":"https:\/\/labestiapolitica.com.mx\/index.php?rest_route=\/wp\/v2\/types\/post"}],"author":[{"embeddable":true,"href":"https:\/\/labestiapolitica.com.mx\/index.php?rest_route=\/wp\/v2\/users\/6"}],"replies":[{"embeddable":true,"href":"https:\/\/labestiapolitica.com.mx\/index.php?rest_route=%2Fwp%2Fv2%2Fcomments&post=53448"}],"version-history":[{"count":4,"href":"https:\/\/labestiapolitica.com.mx\/index.php?rest_route=\/wp\/v2\/posts\/53448\/revisions"}],"predecessor-version":[{"id":53454,"href":"https:\/\/labestiapolitica.com.mx\/index.php?rest_route=\/wp\/v2\/posts\/53448\/revisions\/53454"}],"wp:featuredmedia":[{"embeddable":true,"href":"https:\/\/labestiapolitica.com.mx\/index.php?rest_route=\/wp\/v2\/media\/53450"}],"wp:attachment":[{"href":"https:\/\/labestiapolitica.com.mx\/index.php?rest_route=%2Fwp%2Fv2%2Fmedia&parent=53448"}],"wp:term":[{"taxonomy":"category","embeddable":true,"href":"https:\/\/labestiapolitica.com.mx\/index.php?rest_route=%2Fwp%2Fv2%2Fcategories&post=53448"},{"taxonomy":"post_tag","embeddable":true,"href":"https:\/\/labestiapolitica.com.mx\/index.php?rest_route=%2Fwp%2Fv2%2Ftags&post=53448"}],"curies":[{"name":"wp","href":"https:\/\/api.w.org\/{rel}","templated":true}]}}