{"id":53458,"date":"2025-11-08T11:00:22","date_gmt":"2025-11-08T17:00:22","guid":{"rendered":"https:\/\/labestiapolitica.com.mx\/?p=53458"},"modified":"2025-11-08T11:00:22","modified_gmt":"2025-11-08T17:00:22","slug":"policia-municipal-de-tlaxcala-colabora-con-fiscalia-en-verificacion-de-mandamiento-judicial","status":"publish","type":"post","link":"https:\/\/labestiapolitica.com.mx\/?p=53458","title":{"rendered":"Polic\u00eda Municipal de Tlaxcala colabora con Fiscal\u00eda en verificaci\u00f3n de mandamiento judicial."},"content":{"rendered":"<article class=\"text-token-text-primary w-full focus:outline-none [--shadow-height:45px] has-data-writing-block:pointer-events-none has-data-writing-block:-mt-(--shadow-height) has-data-writing-block:pt-(--shadow-height) [&amp;:has([data-writing-block])&gt;*]:pointer-events-auto [content-visibility:auto] supports-[content-visibility:auto]:[contain-intrinsic-size:auto_100lvh] scroll-mt-[calc(var(--header-height)+min(200px,max(70px,20svh)))]\" dir=\"auto\" tabindex=\"-1\" data-turn-id=\"request-68faf7bc-42a0-832e-bbbb-b972adec112b-1\" data-testid=\"conversation-turn-98\" data-scroll-anchor=\"true\" data-turn=\"assistant\">\n<div class=\"text-base my-auto mx-auto pb-10 [--thread-content-margin:--spacing(4)] thread-sm:[--thread-content-margin:--spacing(6)] thread-lg:[--thread-content-margin:--spacing(16)] px-(--thread-content-margin)\">\n<div class=\"[--thread-content-max-width:40rem] thread-lg:[--thread-content-max-width:48rem] mx-auto max-w-(--thread-content-max-width) flex-1 group\/turn-messages focus-visible:outline-hidden relative flex w-full min-w-0 flex-col agent-turn\" tabindex=\"-1\">\n<div class=\"flex max-w-full flex-col grow\">\n<div class=\"min-h-8 text-message relative flex w-full flex-col items-end gap-2 text-start break-words whitespace-normal [.text-message+&amp;]:mt-1\" dir=\"auto\" data-message-author-role=\"assistant\" data-message-id=\"c368ace8-0d3a-4701-9158-6588cc28da1f\" data-message-model-slug=\"gpt-5\">\n<div class=\"flex w-full flex-col gap-1 empty:hidden first:pt-[1px]\">\n<div class=\"markdown prose dark:prose-invert w-full break-words dark markdown-new-styling\">\n<p style=\"text-align: justify;\" data-start=\"0\" data-end=\"91\" data-is-last-node=\"\" data-is-only-node=\"\">En una acci\u00f3n de apoyo interinstitucional, la Polic\u00eda Municipal de Tlaxcala particip\u00f3 en la verificaci\u00f3n del estatus de una persona se\u00f1alada con un presunto mandamiento judicial, en coordinaci\u00f3n con la Fiscal\u00eda General de Justicia del Estado.<\/p>\n<\/div>\n<\/div>\n<\/div>\n<\/div>\n<\/div>\n<\/div>\n<\/article>\n<p style=\"text-align: justify;\">Los hechos ocurrieron sobre el Bulevar Tepehitec, a la altura de la Central Camionera, donde los elementos municipales detectaron una camioneta Chevrolet Tahoe blanca, sin placas ni tarjeta de circulaci\u00f3n, estacionada de manera incorrecta.<\/p>\n<p style=\"text-align: justify;\">Durante la revisi\u00f3n preventiva, el conductor de la unidad, identificado como Mart\u00edn \u201cN\u201d, mostr\u00f3 una actitud agresiva hacia los oficiales, por lo que se realiz\u00f3 la consulta correspondiente en Plataforma M\u00e9xico, arrojando un posible mandamiento vigente en el estado de Puebla.<\/p>\n<p style=\"text-align: justify;\">En respuesta, la Polic\u00eda Municipal dio aviso inmediato a la Fiscal\u00eda de Tlaxcala, como una forma de brindar respaldo operativo en el lugar para facilitar la intervenci\u00f3n ministerial conforme a los protocolos establecidos.<\/p>\n<p style=\"text-align: justify;\">Minutos despu\u00e9s, personal de la Polic\u00eda de Investigaci\u00f3n acudi\u00f3 al punto para verificar la informaci\u00f3n y corrobor\u00f3 que se trataba de un caso de homonimia, sin orden de aprehensi\u00f3n vigente contra el ciudadano, lo que permiti\u00f3 esclarecer la situaci\u00f3n sin incidentes.<\/p>\n","protected":false},"excerpt":{"rendered":"<p>En una acci\u00f3n de apoyo interinstitucional, la Polic\u00eda Municipal de Tlaxcala particip\u00f3 en la verificaci\u00f3n del estatus de una persona se\u00f1alada con un presunto mandamiento judicial, en coordinaci\u00f3n con la Fiscal\u00eda General de Justicia del Estado. Los hechos ocurrieron sobre el Bulevar Tepehitec, a la altura de la Central Camionera, donde los elementos municipales detectaron [&hellip;]<\/p>\n","protected":false},"author":5,"featured_media":53459,"comment_status":"open","ping_status":"open","sticky":false,"template":"","format":"standard","meta":{"footnotes":""},"categories":[12,216,214],"tags":[],"class_list":["post-53458","post","type-post","status-publish","format-standard","has-post-thumbnail","hentry","category-brujula-2026","category-municipios","category-tlaxcala-capital"],"amp_enabled":true,"_links":{"self":[{"href":"https:\/\/labestiapolitica.com.mx\/index.php?rest_route=\/wp\/v2\/posts\/53458","targetHints":{"allow":["GET"]}}],"collection":[{"href":"https:\/\/labestiapolitica.com.mx\/index.php?rest_route=\/wp\/v2\/posts"}],"about":[{"href":"https:\/\/labestiapolitica.com.mx\/index.php?rest_route=\/wp\/v2\/types\/post"}],"author":[{"embeddable":true,"href":"https:\/\/labestiapolitica.com.mx\/index.php?rest_route=\/wp\/v2\/users\/5"}],"replies":[{"embeddable":true,"href":"https:\/\/labestiapolitica.com.mx\/index.php?rest_route=%2Fwp%2Fv2%2Fcomments&post=53458"}],"version-history":[{"count":1,"href":"https:\/\/labestiapolitica.com.mx\/index.php?rest_route=\/wp\/v2\/posts\/53458\/revisions"}],"predecessor-version":[{"id":53460,"href":"https:\/\/labestiapolitica.com.mx\/index.php?rest_route=\/wp\/v2\/posts\/53458\/revisions\/53460"}],"wp:featuredmedia":[{"embeddable":true,"href":"https:\/\/labestiapolitica.com.mx\/index.php?rest_route=\/wp\/v2\/media\/53459"}],"wp:attachment":[{"href":"https:\/\/labestiapolitica.com.mx\/index.php?rest_route=%2Fwp%2Fv2%2Fmedia&parent=53458"}],"wp:term":[{"taxonomy":"category","embeddable":true,"href":"https:\/\/labestiapolitica.com.mx\/index.php?rest_route=%2Fwp%2Fv2%2Fcategories&post=53458"},{"taxonomy":"post_tag","embeddable":true,"href":"https:\/\/labestiapolitica.com.mx\/index.php?rest_route=%2Fwp%2Fv2%2Ftags&post=53458"}],"curies":[{"name":"wp","href":"https:\/\/api.w.org\/{rel}","templated":true}]}}