{"id":53466,"date":"2025-11-08T14:27:12","date_gmt":"2025-11-08T20:27:12","guid":{"rendered":"https:\/\/labestiapolitica.com.mx\/?p=53466"},"modified":"2025-11-14T08:25:05","modified_gmt":"2025-11-14T14:25:05","slug":"sin-datos-oficiales-sobre-jovenes-y-adicciones-arranca-jornada-nacional-por-la-paz-en-tlaxcala","status":"publish","type":"post","link":"https:\/\/labestiapolitica.com.mx\/?p=53466","title":{"rendered":"Sin datos oficiales sobre j\u00f3venes y adicciones, arranca Jornada Nacional por la Paz en Tlaxcala"},"content":{"rendered":"<p style=\"text-align: justify;\">Fabiola M\u00e1rquez\/\/Tras una larga espera, el Secretario federal de Educaci\u00f3n P\u00fablica, Mario Delgado Carrillo, arrib\u00f3 al CBTIS 03 de la Loma Xicoht\u00e9ncatl, donde inaugur\u00f3 la Jornada Nacional por la Paz y contra las Adicciones, dirigida a estudiantes de nivel medio superior.<\/p>\n<p style=\"text-align: justify;\">El evento forma parte de las acciones que impulsa la Secretar\u00eda de Educaci\u00f3n P\u00fablica (SEP) en todo el pa\u00eds, para promover entornos escolares seguros, fortalecer los valores comunitarios y prevenir el consumo de sustancias entre los j\u00f3venes.<\/p>\n<p style=\"text-align: justify;\">En su discurso, el funcionario federal no ofreci\u00f3 datos duros sobre la problem\u00e1tica de las adicciones entre los j\u00f3venes de la entidad, aunque se\u00f1al\u00f3 que una manera de combatir los malos h\u00e1bitos, es a trav\u00e9s de la educaci\u00f3n.<\/p>\n<p style=\"text-align: justify;\">Ante esto, indic\u00f3 que por \u00f3rdenes de la gobernadora Claudia Sheinbaum,\u00a0se busca alcanzar una cobertura del 85% en el nivel medio superior, la meta, es que Tlaxcala sea el primer estado en lograrlo.<\/p>\n<p style=\"text-align: justify;\">En su oportunidad, la Gobernadora Lorena Cu\u00e9llar Cisneros insisti\u00f3 en que Tlaxcala es la entidad con el menor \u00edndice delictivo:<\/p>\n<p style=\"text-align: justify;\">\u00abSi queremos un estado con paz, tenemos que trabajar desde los hogares\u00bb dijo a los presentes.<\/p>\n<p style=\"text-align: justify;\">Durante la jornada, autoridades educativas y alumnos participaron en diversas actividades formativas y recreativas, con el objetivo de fomentar una cultura de convivencia pac\u00edfica y estilos de vida saludables.<\/p>\n<p style=\"text-align: justify;\">En el evento estuvieron el Secretario de educaci\u00f3n p\u00fablica del Estado, Homero Meneses, la titular del Instituto Tlaxcalteca de la Juventud, Lucero Morales Tzompa, entre otras personalidades.<\/p>\n<p><strong>DATOS NACIONALES\u00a0<\/strong><\/p>\n<p style=\"text-align: justify;\">La participaci\u00f3n de adolescentes en el narcotr\u00e1fico escala a niveles de crisis. De acuerdo con EL UNIVERSAL, seg\u00fan datos de fiscal\u00edas estatales, las detenciones por narcomenudeo en este sector se han disparado: tras un aumento del 88% en 2024, la cifra ya fue superada en los primeros siete meses de 2025.<\/p>\n<p style=\"text-align: justify;\">La radiograf\u00eda de un desborde:<\/p>\n<p style=\"text-align: justify;\">\u00b7 2022: 1,143 detenidos.<br \/>\n\u00b7 2023: 1,230 detenidos.<br \/>\n\u00b7 2024: 2,310 detenidos (un salto del 88%).<br \/>\n\u00b7 Ene-Jul 2025: 2,920 detenidos.<\/p>\n<p style=\"text-align: justify;\">La alarmante tendencia confirma que el fen\u00f3meno se ha acelerado: en solo siete meses de 2025, ya se ha arrestado a m\u00e1s j\u00f3venes que en todo el a\u00f1o pasado, marcando un r\u00e9cord hist\u00f3rico que evidencia el fracaso de las pol\u00edticas de contenci\u00f3n<\/p>\n","protected":false},"excerpt":{"rendered":"<p>Fabiola M\u00e1rquez\/\/Tras una larga espera, el Secretario federal de Educaci\u00f3n P\u00fablica, Mario Delgado Carrillo, arrib\u00f3 al CBTIS 03 de la Loma Xicoht\u00e9ncatl, donde inaugur\u00f3 la Jornada Nacional por la Paz y contra las Adicciones, dirigida a estudiantes de nivel medio superior. El evento forma parte de las acciones que impulsa la Secretar\u00eda de Educaci\u00f3n P\u00fablica [&hellip;]<\/p>\n","protected":false},"author":3,"featured_media":53471,"comment_status":"open","ping_status":"open","sticky":false,"template":"","format":"standard","meta":{"footnotes":""},"categories":[12,213],"tags":[],"class_list":["post-53466","post","type-post","status-publish","format-standard","has-post-thumbnail","hentry","category-brujula-2026","category-educacion"],"amp_enabled":true,"_links":{"self":[{"href":"https:\/\/labestiapolitica.com.mx\/index.php?rest_route=\/wp\/v2\/posts\/53466","targetHints":{"allow":["GET"]}}],"collection":[{"href":"https:\/\/labestiapolitica.com.mx\/index.php?rest_route=\/wp\/v2\/posts"}],"about":[{"href":"https:\/\/labestiapolitica.com.mx\/index.php?rest_route=\/wp\/v2\/types\/post"}],"author":[{"embeddable":true,"href":"https:\/\/labestiapolitica.com.mx\/index.php?rest_route=\/wp\/v2\/users\/3"}],"replies":[{"embeddable":true,"href":"https:\/\/labestiapolitica.com.mx\/index.php?rest_route=%2Fwp%2Fv2%2Fcomments&post=53466"}],"version-history":[{"count":1,"href":"https:\/\/labestiapolitica.com.mx\/index.php?rest_route=\/wp\/v2\/posts\/53466\/revisions"}],"predecessor-version":[{"id":53468,"href":"https:\/\/labestiapolitica.com.mx\/index.php?rest_route=\/wp\/v2\/posts\/53466\/revisions\/53468"}],"wp:featuredmedia":[{"embeddable":true,"href":"https:\/\/labestiapolitica.com.mx\/index.php?rest_route=\/wp\/v2\/media\/53471"}],"wp:attachment":[{"href":"https:\/\/labestiapolitica.com.mx\/index.php?rest_route=%2Fwp%2Fv2%2Fmedia&parent=53466"}],"wp:term":[{"taxonomy":"category","embeddable":true,"href":"https:\/\/labestiapolitica.com.mx\/index.php?rest_route=%2Fwp%2Fv2%2Fcategories&post=53466"},{"taxonomy":"post_tag","embeddable":true,"href":"https:\/\/labestiapolitica.com.mx\/index.php?rest_route=%2Fwp%2Fv2%2Ftags&post=53466"}],"curies":[{"name":"wp","href":"https:\/\/api.w.org\/{rel}","templated":true}]}}