{"id":53495,"date":"2025-11-09T09:57:38","date_gmt":"2025-11-09T15:57:38","guid":{"rendered":"https:\/\/labestiapolitica.com.mx\/?p=53495"},"modified":"2025-11-14T08:24:29","modified_gmt":"2025-11-14T14:24:29","slug":"convocan-en-tlaxcala-a-colocar-monos-negros-en-honor-a-carlos-manzo","status":"publish","type":"post","link":"https:\/\/labestiapolitica.com.mx\/?p=53495","title":{"rendered":"Convocan en Tlaxcala a colocar mo\u00f1os negros en honor a Carlos Manzo; habr\u00e1 manifestaci\u00f3n en la capital tlaxcalteca"},"content":{"rendered":"<p style=\"text-align: justify;\">Colectivos sociales y ciudadanos de Tlaxcala han lanzado una convocatoria a trav\u00e9s de redes sociales para mostrar duelo y exigir justicia por el asesinato de Carlos Manzo, alcalde de Uruapan, Michoac\u00e1n, ocurrido recientemente.<\/p>\n<p style=\"text-align: justify;\">La iniciativa, difundida mediante una imagen con un mensaje contundente, invita a la poblaci\u00f3n a colocar un mo\u00f1o negro, una manta o un sombrero en el exterior de sus hogares, negocios u oficinas como s\u00edmbolo de luto colectivo.<\/p>\n<p>El texto, que lleva los hashtags #NadieMas, #Justicia y #FueElEstado, expresa:<\/p>\n<p>\u00abPor los que ya no est\u00e1n,<br \/>\npor los que a\u00fan tienen miedo.<\/p>\n<p>No es silencio.<br \/>\nEs protesta.<br \/>\nEs dolor.<br \/>\nEs dignidad.\u00bb<\/p>\n<p style=\"text-align: justify;\">La acci\u00f3n, programada para el 13 de noviembre de 2025, d\u00eda en el que tambi\u00e9n habr\u00e1 una manifestaci\u00f3n, busca visibilizar el rechazo a la violencia y la impunidad que afecta a funcionarios p\u00fablicos y ciudadanos en M\u00e9xico.<\/p>\n<p style=\"text-align: justify;\">La convocatoria refleja un sentimiento generalizado de indignaci\u00f3n y solidaridad, transformando el duelo en una expresi\u00f3n p\u00fablica de demanda por seguridad y justicia.<\/p>\n<p><img loading=\"lazy\" decoding=\"async\" class=\"alignnone size-full wp-image-53505\" src=\"https:\/\/labestiapolitica.com.mx\/wp-content\/uploads\/2025\/11\/IMG_1560.jpeg\" alt=\"\" width=\"1125\" height=\"1395\" srcset=\"https:\/\/labestiapolitica.com.mx\/wp-content\/uploads\/2025\/11\/IMG_1560.jpeg 1125w, https:\/\/labestiapolitica.com.mx\/wp-content\/uploads\/2025\/11\/IMG_1560-242x300.jpeg 242w, https:\/\/labestiapolitica.com.mx\/wp-content\/uploads\/2025\/11\/IMG_1560-826x1024.jpeg 826w, https:\/\/labestiapolitica.com.mx\/wp-content\/uploads\/2025\/11\/IMG_1560-768x952.jpeg 768w\" sizes=\"auto, (max-width: 1125px) 100vw, 1125px\" \/><\/p>\n","protected":false},"excerpt":{"rendered":"<p>Colectivos sociales y ciudadanos de Tlaxcala han lanzado una convocatoria a trav\u00e9s de redes sociales para mostrar duelo y exigir justicia por el asesinato de Carlos Manzo, alcalde de Uruapan, Michoac\u00e1n, ocurrido recientemente. La iniciativa, difundida mediante una imagen con un mensaje contundente, invita a la poblaci\u00f3n a colocar un mo\u00f1o negro, una manta o [&hellip;]<\/p>\n","protected":false},"author":6,"featured_media":53496,"comment_status":"open","ping_status":"open","sticky":false,"template":"","format":"standard","meta":{"footnotes":""},"categories":[12],"tags":[],"class_list":["post-53495","post","type-post","status-publish","format-standard","has-post-thumbnail","hentry","category-brujula-2026"],"amp_enabled":true,"_links":{"self":[{"href":"https:\/\/labestiapolitica.com.mx\/index.php?rest_route=\/wp\/v2\/posts\/53495","targetHints":{"allow":["GET"]}}],"collection":[{"href":"https:\/\/labestiapolitica.com.mx\/index.php?rest_route=\/wp\/v2\/posts"}],"about":[{"href":"https:\/\/labestiapolitica.com.mx\/index.php?rest_route=\/wp\/v2\/types\/post"}],"author":[{"embeddable":true,"href":"https:\/\/labestiapolitica.com.mx\/index.php?rest_route=\/wp\/v2\/users\/6"}],"replies":[{"embeddable":true,"href":"https:\/\/labestiapolitica.com.mx\/index.php?rest_route=%2Fwp%2Fv2%2Fcomments&post=53495"}],"version-history":[{"count":4,"href":"https:\/\/labestiapolitica.com.mx\/index.php?rest_route=\/wp\/v2\/posts\/53495\/revisions"}],"predecessor-version":[{"id":53506,"href":"https:\/\/labestiapolitica.com.mx\/index.php?rest_route=\/wp\/v2\/posts\/53495\/revisions\/53506"}],"wp:featuredmedia":[{"embeddable":true,"href":"https:\/\/labestiapolitica.com.mx\/index.php?rest_route=\/wp\/v2\/media\/53496"}],"wp:attachment":[{"href":"https:\/\/labestiapolitica.com.mx\/index.php?rest_route=%2Fwp%2Fv2%2Fmedia&parent=53495"}],"wp:term":[{"taxonomy":"category","embeddable":true,"href":"https:\/\/labestiapolitica.com.mx\/index.php?rest_route=%2Fwp%2Fv2%2Fcategories&post=53495"},{"taxonomy":"post_tag","embeddable":true,"href":"https:\/\/labestiapolitica.com.mx\/index.php?rest_route=%2Fwp%2Fv2%2Ftags&post=53495"}],"curies":[{"name":"wp","href":"https:\/\/api.w.org\/{rel}","templated":true}]}}