{"id":53508,"date":"2025-11-09T15:34:07","date_gmt":"2025-11-09T21:34:07","guid":{"rendered":"https:\/\/labestiapolitica.com.mx\/?p=53508"},"modified":"2025-11-14T08:24:03","modified_gmt":"2025-11-14T14:24:03","slug":"tunden-en-redes-al-c5i-tras-rapida-identificacion-de-vandalos-de-capsula-morenista","status":"publish","type":"post","link":"https:\/\/labestiapolitica.com.mx\/?p=53508","title":{"rendered":"Tunden en redes al C5i tras r\u00e1pida identificaci\u00f3n de v\u00e1ndalos de c\u00e1psula morenista"},"content":{"rendered":"<p class=\"p2\" style=\"text-align: justify;\">El Centro de Control, Comando, Comunicaciones, C\u00f3mputo, Coordinaci\u00f3n e Inteligencia (C5i) de Tlaxcala se ha convertido en el blanco de cr\u00edticas y burlas en redes sociales, luego de que autoridades reportaran la r\u00e1pida identificaci\u00f3n de cinco personas que presuntamente vandalizaron la \u00abc\u00e1psula del tiempo\u00bb morenista.<\/p>\n<p class=\"p2\" style=\"text-align: justify;\"><span class=\"s1\">La aparente eficiencia en este caso ha sido contrastada por usuarios de internet con la percepci\u00f3n de lentitud o inacci\u00f3n de la corporaci\u00f3n ante delitos de alto impacto como asaltos, robos y homicidios en la entidad.<\/span><\/p>\n<p class=\"p2\" style=\"text-align: justify;\"><span class=\"s1\">El comisionado Max Hern\u00e1ndez Pulido, titular de la dependencia, se ha visto convertido en el centro de la mofa. Las publicaciones sarc\u00e1sticas y los reclamos no se han hecho esperar, inundando plataformas como Facebook, donde la ciudadan\u00eda cuestiona la priorizaci\u00f3n de los recursos de inteligencia y vigilancia.<\/span><\/p>\n<p class=\"p2\" style=\"text-align: justify;\"><span class=\"s1\">Los comentarios ciudadanos, recogidos en la red social de la Bestia Pol\u00edtica, reflejan el malestar general:<\/span><\/p>\n<p class=\"p2\" style=\"text-align: justify;\"><span class=\"s1\">\u00b7Mejor que se pongan a investigar los asaltos que han [hecho] en el centro de Tlaxcala. Y los otros robos. La sociedad es m\u00e1s importante que ese &#8216;monumento&#8217; que no sirve para nada\u00bb, se lee en una de las cr\u00edticas.<\/span><\/p>\n<p class=\"p2\" style=\"text-align: justify;\"><span class=\"s1\">\u00abQue rapidez para identificar a quienes pintaron una pared, pero para identificar el asalto, asesinato, agresi\u00f3n de una persona o robo, ingreso de comandos a casas, negocios, para asesinar, ah\u00ed no hay identificaci\u00f3n inmediata\u00bb, cuestiona otro usuario.<\/span><\/p>\n<p class=\"p2\" style=\"text-align: justify;\"><span class=\"s1\">La capacidad de vigilancia continua del C5i tambi\u00e9n fue puesta en tela de juicio: \u00abOsea como est\u00e1n monitoreando las 24 horas y no se dieron cuenta en ese momento que estaba sucediendo este suceso&#8230; Si no que esperaron una orden para poder revisar las c\u00e1maras de C5\u00bb.<\/span><\/p>\n<p class=\"p2\" style=\"text-align: justify;\"><span class=\"s1\">La situaci\u00f3n incluso gener\u00f3 comentarios sarc\u00e1sticos, como uno que, haciendo alusi\u00f3n a la difusi\u00f3n de las im\u00e1genes de los identificados, ironiza: \u00abSi alguien conoce a la damita que sale en la imagen. D\u00edganle que si hay modo que me pase su instagram. Gracias\u00bb. Otro simplemente comenta: \u00abAs\u00ed de [\u00e1giles] siguieran a las ratas..\u00bb, acompa\u00f1ado de un emotic\u00f3n de aplausos.<\/span><\/p>\n<p class=\"p2\" style=\"text-align: justify;\"><span class=\"s1\">El caso ha evidenciado una profunda inconformidad entre la poblaci\u00f3n tlaxcalteca, que exige que la capacidad tecnol\u00f3gica y operativa del C5i se enfoque en combatir la delincuencia que afecta directamente su seguridad y patrimonio, transformando la \u00abr\u00e1pida reacci\u00f3n\u00bb en este evento en un boomerang de reproche social.<\/span><\/p>\n","protected":false},"excerpt":{"rendered":"<p>El Centro de Control, Comando, Comunicaciones, C\u00f3mputo, Coordinaci\u00f3n e Inteligencia (C5i) de Tlaxcala se ha convertido en el blanco de cr\u00edticas y burlas en redes sociales, luego de que autoridades reportaran la r\u00e1pida identificaci\u00f3n de cinco personas que presuntamente vandalizaron la \u00abc\u00e1psula del tiempo\u00bb morenista. La aparente eficiencia en este caso ha sido contrastada por [&hellip;]<\/p>\n","protected":false},"author":6,"featured_media":53509,"comment_status":"open","ping_status":"open","sticky":false,"template":"","format":"standard","meta":{"footnotes":""},"categories":[12,7],"tags":[],"class_list":["post-53508","post","type-post","status-publish","format-standard","has-post-thumbnail","hentry","category-brujula-2026","category-ciudadanos"],"amp_enabled":true,"_links":{"self":[{"href":"https:\/\/labestiapolitica.com.mx\/index.php?rest_route=\/wp\/v2\/posts\/53508","targetHints":{"allow":["GET"]}}],"collection":[{"href":"https:\/\/labestiapolitica.com.mx\/index.php?rest_route=\/wp\/v2\/posts"}],"about":[{"href":"https:\/\/labestiapolitica.com.mx\/index.php?rest_route=\/wp\/v2\/types\/post"}],"author":[{"embeddable":true,"href":"https:\/\/labestiapolitica.com.mx\/index.php?rest_route=\/wp\/v2\/users\/6"}],"replies":[{"embeddable":true,"href":"https:\/\/labestiapolitica.com.mx\/index.php?rest_route=%2Fwp%2Fv2%2Fcomments&post=53508"}],"version-history":[{"count":1,"href":"https:\/\/labestiapolitica.com.mx\/index.php?rest_route=\/wp\/v2\/posts\/53508\/revisions"}],"predecessor-version":[{"id":53510,"href":"https:\/\/labestiapolitica.com.mx\/index.php?rest_route=\/wp\/v2\/posts\/53508\/revisions\/53510"}],"wp:featuredmedia":[{"embeddable":true,"href":"https:\/\/labestiapolitica.com.mx\/index.php?rest_route=\/wp\/v2\/media\/53509"}],"wp:attachment":[{"href":"https:\/\/labestiapolitica.com.mx\/index.php?rest_route=%2Fwp%2Fv2%2Fmedia&parent=53508"}],"wp:term":[{"taxonomy":"category","embeddable":true,"href":"https:\/\/labestiapolitica.com.mx\/index.php?rest_route=%2Fwp%2Fv2%2Fcategories&post=53508"},{"taxonomy":"post_tag","embeddable":true,"href":"https:\/\/labestiapolitica.com.mx\/index.php?rest_route=%2Fwp%2Fv2%2Ftags&post=53508"}],"curies":[{"name":"wp","href":"https:\/\/api.w.org\/{rel}","templated":true}]}}