{"id":53816,"date":"2025-11-11T22:57:58","date_gmt":"2025-11-12T04:57:58","guid":{"rendered":"https:\/\/labestiapolitica.com.mx\/?p=53816"},"modified":"2025-11-11T23:07:56","modified_gmt":"2025-11-12T05:07:56","slug":"la-derecha-intenta-manipular-a-la-generacion-z-con-un-movimiento-falso-tono-martinez","status":"publish","type":"post","link":"https:\/\/labestiapolitica.com.mx\/?p=53816","title":{"rendered":"La derecha intenta manipular a la \u201cGeneraci\u00f3n Z\u201d con un movimiento falso: To\u00f1o Mart\u00ednez"},"content":{"rendered":"<p>Le responden columnistas\u00a0 que su reacci\u00f3n <strong data-start=\"1788\" data-end=\"1923\">refleja el temor del gobierno ante una generaci\u00f3n cr\u00edtica, digital y sin miedo a cuestionar al poder<\/strong>.<\/p>\n<p style=\"text-align: justify;\">Fabiola M\u00c1RQUEZ\/ El movimiento juvenil que convoca a una marcha el pr\u00f3ximo 15 de noviembre ha sido expuesto como una maniobra pol\u00edtica impulsada desde la oposici\u00f3n mexicana. Bajo la fachada de la llamada \u201cGeneraci\u00f3n Z M\u00e9xico\u201d, se busca simular una movilizaci\u00f3n ciudadana que, en realidad, tiene origen en estructuras partidistas y empresariales vinculadas al viejo r\u00e9gimen, asi lo detall\u00f3 en su analisis Antonio Mart\u00ednez Vel\u00e1zquez, en su columna publicada en el Sol de Tlaxcala.<\/p>\n<p style=\"text-align: justify;\">Mart\u00ednez Vel\u00e1zquez que\u00a0 tambi\u00e9n es vocero del Gobierno del Estado de Tlaxcala que dirige Lorena Cu\u00e9llar, expres\u00f3 que esta estrategia busca instrumentalizar el asesinato del alcalde de Uruapan para justificar una protesta que exige la revocaci\u00f3n de mandato de la presidenta de M\u00e9xico.<\/p>\n<p style=\"text-align: justify;\">La operaci\u00f3n pretende aprovechar el lenguaje y la est\u00e9tica centennial para darle un aire de autenticidad juvenil, aunque en el fondo responde a intereses de la derecha, escribi\u00f3, y adem\u00e1s afirm\u00f3 que una investigaci\u00f3n del newsletter \u201cInternet me est\u00e1 consumiendo\u201d, firmada por el autor AYAX, revel\u00f3 que la cuenta \u201cGeneraci\u00f3n Z M\u00e9xico\u201d \u2014epicentro de la convocatoria\u2014 fue creada y gestionada por la agencia Monetiq, con sede en Zapopan, Jalisco, vinculada al exdiputado priista Jos\u00e9 Alfredo Femat Flores.<\/p>\n<p><a href=\"https:\/\/ayax.substack.com\/p\/detras-de-la-marcha-de-la-generacion\">Detr\u00e1s de la marcha de la generaci\u00f3n Z &#8211; by Ayax<\/a><\/p>\n<p style=\"text-align: justify;\">El an\u00e1lisis de metadatos de los manifiestos publicados en Discord, plataforma que usan para coordinarse, mostr\u00f3 que se trata de una operaci\u00f3n digital dise\u00f1ada para atacar a la Cuarta Transformaci\u00f3n y no de una iniciativa espont\u00e1nea.<\/p>\n<p style=\"text-align: justify;\">De acuerdo con Mart\u00ednez Vel\u00e1zquez, la derecha \u201cha perdido su br\u00fajula moral\u201d y busca ahora disfrazar su desesperaci\u00f3n bajo el falso discurso apartidista, intentando manipular a j\u00f3venes que desconocen los intereses detr\u00e1s de estas convocatorias. \u201cEl dinosaurio se niega a morir \u2014advierte\u2014, y ahora pretende resucitar con una m\u00e1scara digital\u201d.<\/p>\n<p style=\"text-align: justify;\">La columna del portavoz de la administraci\u00f3n local gener\u00f3 reacciones y las opiniones y cr\u00edticas no se hicieron esperar luego de la publicaci\u00f3n de la columna titulada, <strong data-start=\"236\" data-end=\"271\">\u201cEl montaje de la Generaci\u00f3n Z\u201d<\/strong>, por lo que articulistas y voces de opini\u00f3n respondieron con fuerza a lo que consideraron <strong data-start=\"617\" data-end=\"693\">una postura arrogante y temerosa del poder ante la participaci\u00f3n juvenil<\/strong>.<\/p>\n<p style=\"text-align: justify;\" data-start=\"698\" data-end=\"931\">En su r\u00e9plica titulada <strong data-start=\"721\" data-end=\"759\">\u201cCuando el miedo escribe columnas\u201d<\/strong>, la periodista <strong data-start=\"775\" data-end=\"794\">Yazm\u00edn Calder\u00f3n, quien tambien colabora en el noticiero \u00abLos Protagonistas\u00bb de la Bestia Pol\u00edtica <\/strong>sostuvo que el vocero \u201cusa el lenguaje t\u00e9cnico como cortina de humo\u201d, sin ofrecer pruebas concretas sobre las acusaciones que formula.<\/p>\n<p style=\"text-align: justify;\" data-start=\"698\" data-end=\"931\">\u201cDetr\u00e1s de toda esa jerga digital, hay un miedo evidente: el poder le teme a los j\u00f3venes\u201d, escribi\u00f3 Calder\u00f3n, quien defendi\u00f3 que el movimiento Generaci\u00f3n Z M\u00e9xico \u201cno naci\u00f3 de un despacho, sino del hartazgo y la desconexi\u00f3n entre los j\u00f3venes y un gobierno que se aplaude a s\u00ed mismo mientras la realidad lo rebasa\u201d.<\/p>\n<p>https:\/\/www.facebook.com\/share\/v\/19yG2s6RWc\/<\/p>\n<p style=\"text-align: justify;\" data-start=\"1250\" data-end=\"1505\">A esta postura se sum\u00f3 tambi\u00e9n el portal Mundo Pol\u00edtico, el cual en su texto <strong data-start=\"1328\" data-end=\"1401\">\u201cLa frivolidad del poder: El Chino Bot menosprecia a la Generaci\u00f3n Z\u201d<\/strong>, calific\u00f3 la actitud de Mart\u00ednez Vel\u00e1zquez como \u201cun despliegue de arrogancia que roza lo insultante\u201d.<\/p>\n<p style=\"text-align: justify;\" data-start=\"1250\" data-end=\"1505\">\u201cEl Chino Bot deber\u00eda recordar que el poder no se mide en declaraciones ligeras, sino en respeto a quienes piensan diferente\u201d, subray\u00f3, al recordar que la marcha del 15 de noviembre representa un ejercicio leg\u00edtimo de libertad y descontento social.<\/p>\n<p>https:\/\/www.facebook.com\/share\/p\/1H8oZaNBnu\/<\/p>\n<p style=\"text-align: justify;\" data-start=\"1758\" data-end=\"1926\">Ambos textos coinciden en que <strong data-start=\"1788\" data-end=\"1923\">la reacci\u00f3n del vocero estatal refleja el temor del gobierno ante una generaci\u00f3n cr\u00edtica, digital y sin miedo a cuestionar al poder<\/strong>.<\/p>\n<p style=\"text-align: justify;\" data-start=\"1928\" data-end=\"2203\">Mientras tanto, en redes sociales, las etiquetas <strong data-start=\"1977\" data-end=\"2033\">#Generaci\u00f3nZ, #LibertadDeExpresi\u00f3n, #M\u00e9xicoSeLevanta<\/strong> se volvieron tendencia en Tlaxcala y otras regiones del pa\u00eds, evidenciando que el debate entre el poder y la juventud <strong data-start=\"2170\" data-end=\"2202\">est\u00e1 m\u00e1s encendido que nunca<\/strong>.<\/p>\n<p style=\"text-align: justify;\" data-start=\"42\" data-end=\"277\">Cabe recordar que este <strong data-start=\"47\" data-end=\"66\">15 de noviembre<\/strong>, miles de j\u00f3venes de todo el pa\u00eds se preparan para participar en la <strong data-start=\"135\" data-end=\"173\">marcha nacional de la Generaci\u00f3n Z<\/strong>, una movilizaci\u00f3n que busca alzar la voz contra la violencia, la censura y la falta de oportunidades.<\/p>\n<p style=\"text-align: justify;\" data-start=\"279\" data-end=\"487\">Convocada desde redes sociales la protesta refleja el hartazgo de una generaci\u00f3n que exige ser escuchada, que cuestiona al poder y que defiende su derecho a expresarse libremente.<\/p>\n<p style=\"text-align: justify;\" data-start=\"489\" data-end=\"596\">\ud83d\udce2 \u201cLa calle no tiene due\u00f1o, el futuro es nuestro\u201d, se lee en los mensajes que acompa\u00f1an la convocatoria.<\/p>\n<p data-start=\"598\" data-end=\"695\" data-is-last-node=\"\" data-is-only-node=\"\">\n","protected":false},"excerpt":{"rendered":"<p>Le responden columnistas\u00a0 que su reacci\u00f3n refleja el temor del gobierno ante una generaci\u00f3n cr\u00edtica, digital y sin miedo a cuestionar al poder. Fabiola M\u00c1RQUEZ\/ El movimiento juvenil que convoca a una marcha el pr\u00f3ximo 15 de noviembre ha sido expuesto como una maniobra pol\u00edtica impulsada desde la oposici\u00f3n mexicana. Bajo la fachada de la [&hellip;]<\/p>\n","protected":false},"author":5,"featured_media":53817,"comment_status":"open","ping_status":"open","sticky":false,"template":"","format":"standard","meta":{"footnotes":""},"categories":[12],"tags":[],"class_list":["post-53816","post","type-post","status-publish","format-standard","has-post-thumbnail","hentry","category-brujula-2026"],"amp_enabled":true,"_links":{"self":[{"href":"https:\/\/labestiapolitica.com.mx\/index.php?rest_route=\/wp\/v2\/posts\/53816","targetHints":{"allow":["GET"]}}],"collection":[{"href":"https:\/\/labestiapolitica.com.mx\/index.php?rest_route=\/wp\/v2\/posts"}],"about":[{"href":"https:\/\/labestiapolitica.com.mx\/index.php?rest_route=\/wp\/v2\/types\/post"}],"author":[{"embeddable":true,"href":"https:\/\/labestiapolitica.com.mx\/index.php?rest_route=\/wp\/v2\/users\/5"}],"replies":[{"embeddable":true,"href":"https:\/\/labestiapolitica.com.mx\/index.php?rest_route=%2Fwp%2Fv2%2Fcomments&post=53816"}],"version-history":[{"count":4,"href":"https:\/\/labestiapolitica.com.mx\/index.php?rest_route=\/wp\/v2\/posts\/53816\/revisions"}],"predecessor-version":[{"id":53821,"href":"https:\/\/labestiapolitica.com.mx\/index.php?rest_route=\/wp\/v2\/posts\/53816\/revisions\/53821"}],"wp:featuredmedia":[{"embeddable":true,"href":"https:\/\/labestiapolitica.com.mx\/index.php?rest_route=\/wp\/v2\/media\/53817"}],"wp:attachment":[{"href":"https:\/\/labestiapolitica.com.mx\/index.php?rest_route=%2Fwp%2Fv2%2Fmedia&parent=53816"}],"wp:term":[{"taxonomy":"category","embeddable":true,"href":"https:\/\/labestiapolitica.com.mx\/index.php?rest_route=%2Fwp%2Fv2%2Fcategories&post=53816"},{"taxonomy":"post_tag","embeddable":true,"href":"https:\/\/labestiapolitica.com.mx\/index.php?rest_route=%2Fwp%2Fv2%2Ftags&post=53816"}],"curies":[{"name":"wp","href":"https:\/\/api.w.org\/{rel}","templated":true}]}}