{"id":54535,"date":"2025-11-20T12:25:48","date_gmt":"2025-11-20T18:25:48","guid":{"rendered":"https:\/\/labestiapolitica.com.mx\/?p=54535"},"modified":"2025-11-20T14:30:40","modified_gmt":"2025-11-20T20:30:40","slug":"celebra-la-uat-su-49-aniversario-y-reconoce-trayectoria-del-maestro-alberto-moreno-martinez","status":"publish","type":"post","link":"https:\/\/labestiapolitica.com.mx\/?p=54535","title":{"rendered":"Celebra la UAT su 49 Aniversario y reconoce trayectoria del maestro Alberto Moreno Mart\u00ednez"},"content":{"rendered":"<p class=\"p1\" style=\"text-align: justify;\">Mariana LOVERA\/ En el marco de la conmemoraci\u00f3n del 49 aniversario de la Universidad Aut\u00f3noma de Tlaxcala (UAT), el rector Dr. Seraf\u00edn Ortiz Ortiz encabez\u00f3 la ceremonia donde se realiz\u00f3 un recuento de la historia y los logros de la instituci\u00f3n, y se impuso la presea universitaria al maestro Alberto Moreno Mart\u00ednez.<\/p>\n<p class=\"p1\" style=\"text-align: justify;\"><span class=\"s1\">Ante los integrantes del Honorable Consejo Universitario, acad\u00e9micos, estudiantes y trabajadores, el rector Seraf\u00edn Ortiz hizo una remembranza de los inicios de la universidad, fundada el 20 de noviembre de 1966 por decreto del Honorable Congreso del Estado.<\/span><\/p>\n<p class=\"p1\" style=\"text-align: justify;\"><span class=\"s1\">\u201cIrrumpimos en un escenario educativo precario, de alcances limitados y expectativas cortas. A lo sumo, solo cuatro licenciaturas y una carrera corta nos fundaron\u201d, record\u00f3. Destac\u00f3 que, gracias al esfuerzo de las primeras generaciones, la UAT emprendi\u00f3 un avance permanente, siempre defendiendo su autonom\u00eda y esencia laica \u201cal margen de la infiltraci\u00f3n de ideolog\u00edas pol\u00edticas o partidarias, de fanatismos o dogmas\u201d.<\/span><\/p>\n<p class=\"p1\" style=\"text-align: justify;\"><span class=\"s1\">En su discurso, el rector enfatiz\u00f3 el impacto transformador de la UAT en Tlaxcala en los \u00e1mbitos econ\u00f3mico, social y cultural, con la formaci\u00f3n de m\u00e1s de 150 mil profesionistas que hoy conforman la amplia clase media de la entidad. Asimismo, resalt\u00f3 el papel de la universidad en la promoci\u00f3n de un \u201cmodelo educativo republicano\u201d y su liderazgo a nivel nacional al frente de la Comisi\u00f3n de Educaci\u00f3n Inicial, impulsada por la ANUIES.<\/span><\/p>\n<p class=\"p1\" style=\"text-align: justify;\"><span class=\"s1\">Como s\u00edmbolo de este crecimiento, record\u00f3<span class=\"Apple-converted-space\">\u00a0 <\/span>la construcci\u00f3n de la Torre de Rector\u00eda, un proyecto emblem\u00e1tico que albergar\u00e1, entre otras cosas, el Auditorio de Educaci\u00f3n Inicial, una sala interactiva y las nuevas instalaciones del Honorable Consejo Universitario y del propio rectorado, y que ya est\u00e1 en marcha. <\/span><\/p>\n<p class=\"p1\" style=\"text-align: justify;\"><span class=\"s1\">El momento central y m\u00e1s emotivo de la celebraci\u00f3n fue la entrega de la presea universitaria al maestro Alberto Moreno Mart\u00ednez, m\u00fasico de trayectoria nacional e internacional, fundador y director de diversas orquestas, entre ellas la Orquesta de C\u00e1mara de la UAT, y colaborador con agrupaciones sinf\u00f3nicas y artistas de gran renombre como Mijares y Roc\u00edo D\u00farcal.<\/span><\/p>\n<p class=\"p1\" style=\"text-align: justify;\"><span class=\"s1\">Visiblemente conmovido, el maestro Moreno agradeci\u00f3 al rector Seraf\u00edn Ortiz y a la comunidad universitaria por reconocer el trabajo art\u00edstico en un espacio tradicionalmente acad\u00e9mico. \u201cConstruir orquestas tambi\u00e9n es construir espacios para sanar el alma\u201d, expres\u00f3. En su mensaje, destac\u00f3 que la m\u00fasica, m\u00e1s all\u00e1 de ser una expresi\u00f3n art\u00edstica, es un elemento que une, sensibiliza y transforma socialmente.<\/span><\/p>\n<p class=\"p1\"><span class=\"s1\">Un D\u00eda Hist\u00f3rico para la UAT<\/span><\/p>\n<p class=\"p1\" style=\"text-align: justify;\"><span class=\"s1\">Para culminar, el rector Ortiz inform\u00f3 que, en reconocimiento a su labor, el Honorable Congreso del Estado decret\u00f3 el 24 de mayo de 2024 inscribir con letras doradas el nombre de la Universidad Aut\u00f3noma de Tlaxcala en el muro de honor del recinto parlamentario, declarando esa fecha como el \u201cD\u00eda de la Universidad Aut\u00f3noma de Tlaxcala, por la Cultura a la Justicia Social\u201d.<\/span><\/p>\n<p class=\"p1\" style=\"text-align: justify;\"><span class=\"s1\">Con este evento, la UAT reafirm\u00f3 su compromiso con la educaci\u00f3n, la cultura y el desarrollo social, cerrando con broche de oro una celebraci\u00f3n que mira con optimismo hacia su pr\u00f3ximo medio siglo de vida.<\/span><\/p>\n","protected":false},"excerpt":{"rendered":"<p>Mariana LOVERA\/ En el marco de la conmemoraci\u00f3n del 49 aniversario de la Universidad Aut\u00f3noma de Tlaxcala (UAT), el rector Dr. Seraf\u00edn Ortiz Ortiz encabez\u00f3 la ceremonia donde se realiz\u00f3 un recuento de la historia y los logros de la instituci\u00f3n, y se impuso la presea universitaria al maestro Alberto Moreno Mart\u00ednez. Ante los integrantes [&hellip;]<\/p>\n","protected":false},"author":6,"featured_media":54536,"comment_status":"open","ping_status":"open","sticky":false,"template":"","format":"standard","meta":{"footnotes":""},"categories":[3,213],"tags":[],"class_list":["post-54535","post","type-post","status-publish","format-standard","has-post-thumbnail","hentry","category-8-columnas","category-educacion"],"amp_enabled":true,"_links":{"self":[{"href":"https:\/\/labestiapolitica.com.mx\/index.php?rest_route=\/wp\/v2\/posts\/54535","targetHints":{"allow":["GET"]}}],"collection":[{"href":"https:\/\/labestiapolitica.com.mx\/index.php?rest_route=\/wp\/v2\/posts"}],"about":[{"href":"https:\/\/labestiapolitica.com.mx\/index.php?rest_route=\/wp\/v2\/types\/post"}],"author":[{"embeddable":true,"href":"https:\/\/labestiapolitica.com.mx\/index.php?rest_route=\/wp\/v2\/users\/6"}],"replies":[{"embeddable":true,"href":"https:\/\/labestiapolitica.com.mx\/index.php?rest_route=%2Fwp%2Fv2%2Fcomments&post=54535"}],"version-history":[{"count":2,"href":"https:\/\/labestiapolitica.com.mx\/index.php?rest_route=\/wp\/v2\/posts\/54535\/revisions"}],"predecessor-version":[{"id":54542,"href":"https:\/\/labestiapolitica.com.mx\/index.php?rest_route=\/wp\/v2\/posts\/54535\/revisions\/54542"}],"wp:featuredmedia":[{"embeddable":true,"href":"https:\/\/labestiapolitica.com.mx\/index.php?rest_route=\/wp\/v2\/media\/54536"}],"wp:attachment":[{"href":"https:\/\/labestiapolitica.com.mx\/index.php?rest_route=%2Fwp%2Fv2%2Fmedia&parent=54535"}],"wp:term":[{"taxonomy":"category","embeddable":true,"href":"https:\/\/labestiapolitica.com.mx\/index.php?rest_route=%2Fwp%2Fv2%2Fcategories&post=54535"},{"taxonomy":"post_tag","embeddable":true,"href":"https:\/\/labestiapolitica.com.mx\/index.php?rest_route=%2Fwp%2Fv2%2Ftags&post=54535"}],"curies":[{"name":"wp","href":"https:\/\/api.w.org\/{rel}","templated":true}]}}