{"id":54553,"date":"2025-11-20T14:14:00","date_gmt":"2025-11-20T20:14:00","guid":{"rendered":"https:\/\/labestiapolitica.com.mx\/?p=54553"},"modified":"2025-11-21T08:29:16","modified_gmt":"2025-11-21T14:29:16","slug":"el-pri-ya-quedo-en-el-pasado-carlos-augusto-perez-hernandez","status":"publish","type":"post","link":"https:\/\/labestiapolitica.com.mx\/?p=54553","title":{"rendered":"\u201cEl PRI ya qued\u00f3 en el pasado\u201d: Carlos Augusto P\u00e9rez Hern\u00e1ndez"},"content":{"rendered":"<p style=\"text-align: justify;\">Fabiola M\u00e1rquez\/\/ Durante los \u201cdi\u00e1logos circulares\u201d, el titular del Fomtlax, Carlos Augusto P\u00e9rez Hern\u00e1ndez, quien hace algunos a\u00f1os milit\u00f3 en el PRI y hoy forma parte de Morena, respondi\u00f3 al reciente llamado que el tricolor hizo a exmilitantes para reincorporarse. Sin titubear, afirm\u00f3 que el PRI \u201cya qued\u00f3 en el pasado\u201d, al se\u00f1alar que la ciudadan\u00eda exige nuevas formas de hacer pol\u00edtica y rechaza a los partidos que, dijo, se estancaron y perdieron conexi\u00f3n con la gente.<\/p>\n<p style=\"text-align: justify;\">P\u00e9rez Hern\u00e1ndez expuso que el priismo dej\u00f3 de representar una opci\u00f3n real debido a estructuras internas r\u00edgidas y decisiones alejadas de las bases, lo que provoc\u00f3 un desgaste irreversible. Ese escenario, asegur\u00f3, llev\u00f3 a muchos cuadros pol\u00edticos a buscar espacios donde su trabajo pudiera incidir de manera m\u00e1s directa y responder a las necesidades sociales actuales.<\/p>\n<p style=\"text-align: justify;\">El funcionario reiter\u00f3 que su incorporaci\u00f3n a Morena responde a la b\u00fasqueda de un proyecto \u201cm\u00e1s cercano a las causas sociales\u201d y subray\u00f3 que los partidos deben renovarse o desaparecer.<\/p>\n<p style=\"text-align: justify;\">Recalc\u00f3 que el electorado ya no respalda a fuerzas pol\u00edticas que, como el PRI, \u201cse quedaron ancladas en el pasado\u201d y no lograron adaptarse a las nuevas exigencias de la ciudadan\u00eda.<\/p>\n","protected":false},"excerpt":{"rendered":"<p>Fabiola M\u00e1rquez\/\/ Durante los \u201cdi\u00e1logos circulares\u201d, el titular del Fomtlax, Carlos Augusto P\u00e9rez Hern\u00e1ndez, quien hace algunos a\u00f1os milit\u00f3 en el PRI y hoy forma parte de Morena, respondi\u00f3 al reciente llamado que el tricolor hizo a exmilitantes para reincorporarse. Sin titubear, afirm\u00f3 que el PRI \u201cya qued\u00f3 en el pasado\u201d, al se\u00f1alar que la [&hellip;]<\/p>\n","protected":false},"author":3,"featured_media":54554,"comment_status":"open","ping_status":"open","sticky":false,"template":"","format":"standard","meta":{"footnotes":""},"categories":[12],"tags":[],"class_list":["post-54553","post","type-post","status-publish","format-standard","has-post-thumbnail","hentry","category-brujula-2026"],"amp_enabled":true,"_links":{"self":[{"href":"https:\/\/labestiapolitica.com.mx\/index.php?rest_route=\/wp\/v2\/posts\/54553","targetHints":{"allow":["GET"]}}],"collection":[{"href":"https:\/\/labestiapolitica.com.mx\/index.php?rest_route=\/wp\/v2\/posts"}],"about":[{"href":"https:\/\/labestiapolitica.com.mx\/index.php?rest_route=\/wp\/v2\/types\/post"}],"author":[{"embeddable":true,"href":"https:\/\/labestiapolitica.com.mx\/index.php?rest_route=\/wp\/v2\/users\/3"}],"replies":[{"embeddable":true,"href":"https:\/\/labestiapolitica.com.mx\/index.php?rest_route=%2Fwp%2Fv2%2Fcomments&post=54553"}],"version-history":[{"count":1,"href":"https:\/\/labestiapolitica.com.mx\/index.php?rest_route=\/wp\/v2\/posts\/54553\/revisions"}],"predecessor-version":[{"id":54555,"href":"https:\/\/labestiapolitica.com.mx\/index.php?rest_route=\/wp\/v2\/posts\/54553\/revisions\/54555"}],"wp:featuredmedia":[{"embeddable":true,"href":"https:\/\/labestiapolitica.com.mx\/index.php?rest_route=\/wp\/v2\/media\/54554"}],"wp:attachment":[{"href":"https:\/\/labestiapolitica.com.mx\/index.php?rest_route=%2Fwp%2Fv2%2Fmedia&parent=54553"}],"wp:term":[{"taxonomy":"category","embeddable":true,"href":"https:\/\/labestiapolitica.com.mx\/index.php?rest_route=%2Fwp%2Fv2%2Fcategories&post=54553"},{"taxonomy":"post_tag","embeddable":true,"href":"https:\/\/labestiapolitica.com.mx\/index.php?rest_route=%2Fwp%2Fv2%2Ftags&post=54553"}],"curies":[{"name":"wp","href":"https:\/\/api.w.org\/{rel}","templated":true}]}}