{"id":54556,"date":"2025-11-20T14:29:51","date_gmt":"2025-11-20T20:29:51","guid":{"rendered":"https:\/\/labestiapolitica.com.mx\/?p=54556"},"modified":"2025-11-20T14:31:45","modified_gmt":"2025-11-20T20:31:45","slug":"lideres-agrarios-a-gobiernos-sin-campo-no-hay-tlaxcala-ni-nacion","status":"publish","type":"post","link":"https:\/\/labestiapolitica.com.mx\/?p=54556","title":{"rendered":"L\u00edderes Agrarios a Gobiernos: \u00abSin Campo no hay Tlaxcala ni Naci\u00f3n\u00bb"},"content":{"rendered":"<ul>\n<li style=\"text-align: justify;\">Exigen presupuesto real y pol\u00edticas concretas para 2026, incluyendo la desvinculaci\u00f3n del ma\u00edz del T-MEC.<\/li>\n<\/ul>\n<p style=\"text-align: justify;\">Mariana LOVERA\/\/\/ Con un llamado urgente a transformar la ret\u00f3rica en acciones, el Congreso Agrario Permanente (CAP) de Tlaxcala emplaz\u00f3 a los gobiernos federal y estatal a destinar un presupuesto sustancialmente mayor al campo en 2026 y a crear pol\u00edticas p\u00fablicas que rescaten a los productores de la crisis que enfrentan.<\/p>\n<p style=\"text-align: justify;\">Marcial Gress Rold\u00e1n, coordinador del CAP, fue contundente: \u00abSin precios justos no hay justicia social, sin cr\u00e9dito real no hay producci\u00f3n, y sin campo no hay Tlaxcala ni hay naci\u00f3n\u00bb. La advertencia se lanz\u00f3 durante la entrega de un documento a la Secretar\u00eda de Agricultura y Desarrollo Rural (SADER), dirigido a Julio Berdegu\u00e9 Sacrist\u00e1n.<\/p>\n<p style=\"text-align: justify;\">Frente a los altos costos de producci\u00f3n, el cambio clim\u00e1tico y los \u00abprecios injustos\u00bb que ahogan a las familias campesinas, el CAP no solo pide m\u00e1s dinero, sino un cambio estructural. Sus exigencias centrales son:<\/p>\n<p style=\"text-align: justify;\">1. Sacar al ma\u00edz del T-MEC: Lo declararon \u00abs\u00edmbolo de identidad nacional y sustento de la econom\u00eda rural\u00bb. Argumentan que \u00abdefender el ma\u00edz es defender la soberan\u00eda alimentaria de M\u00e9xico\u00bb.<\/p>\n<p style=\"text-align: justify;\">2. Crear un Sistema Integral de Agricultura Sustentable: Un modelo que una financiamiento, asistencia t\u00e9cnica, comercializaci\u00f3n e innovaci\u00f3n, reconstruyendo el campo desde las comunidades.<\/p>\n<p style=\"text-align: justify;\">3. Cr\u00e9ditos y Precios de Garant\u00eda: Exigen que los cr\u00e9ditos se basen en la producci\u00f3n y no en garant\u00edas que no pueden cumplir, y la instauraci\u00f3n de precios m\u00ednimos para ma\u00edz y frijol.<\/p>\n<p style=\"text-align: justify;\">4. Fondos de Estabilizaci\u00f3n: Solicitan la creaci\u00f3n de un fondo estatal y nacional para proteger a los productores de las crisis de precios.<\/p>\n<p style=\"text-align: justify;\">Gress Rold\u00e1n revel\u00f3 que llevan meses esperando una audiencia con la gobernadora Lorena Cu\u00e9llar Cisneros y con el Congreso local para presentar su propuesta integral, que incluye una inversi\u00f3n m\u00ednima de 160 millones de pesos para innovaci\u00f3n e investigaci\u00f3n.<\/p>\n<p style=\"text-align: justify;\">\n","protected":false},"excerpt":{"rendered":"<p>Exigen presupuesto real y pol\u00edticas concretas para 2026, incluyendo la desvinculaci\u00f3n del ma\u00edz del T-MEC. Mariana LOVERA\/\/\/ Con un llamado urgente a transformar la ret\u00f3rica en acciones, el Congreso Agrario Permanente (CAP) de Tlaxcala emplaz\u00f3 a los gobiernos federal y estatal a destinar un presupuesto sustancialmente mayor al campo en 2026 y a crear pol\u00edticas [&hellip;]<\/p>\n","protected":false},"author":6,"featured_media":54558,"comment_status":"open","ping_status":"open","sticky":false,"template":"","format":"standard","meta":{"footnotes":""},"categories":[12],"tags":[],"class_list":["post-54556","post","type-post","status-publish","format-standard","has-post-thumbnail","hentry","category-brujula-2026"],"amp_enabled":true,"_links":{"self":[{"href":"https:\/\/labestiapolitica.com.mx\/index.php?rest_route=\/wp\/v2\/posts\/54556","targetHints":{"allow":["GET"]}}],"collection":[{"href":"https:\/\/labestiapolitica.com.mx\/index.php?rest_route=\/wp\/v2\/posts"}],"about":[{"href":"https:\/\/labestiapolitica.com.mx\/index.php?rest_route=\/wp\/v2\/types\/post"}],"author":[{"embeddable":true,"href":"https:\/\/labestiapolitica.com.mx\/index.php?rest_route=\/wp\/v2\/users\/6"}],"replies":[{"embeddable":true,"href":"https:\/\/labestiapolitica.com.mx\/index.php?rest_route=%2Fwp%2Fv2%2Fcomments&post=54556"}],"version-history":[{"count":2,"href":"https:\/\/labestiapolitica.com.mx\/index.php?rest_route=\/wp\/v2\/posts\/54556\/revisions"}],"predecessor-version":[{"id":54560,"href":"https:\/\/labestiapolitica.com.mx\/index.php?rest_route=\/wp\/v2\/posts\/54556\/revisions\/54560"}],"wp:featuredmedia":[{"embeddable":true,"href":"https:\/\/labestiapolitica.com.mx\/index.php?rest_route=\/wp\/v2\/media\/54558"}],"wp:attachment":[{"href":"https:\/\/labestiapolitica.com.mx\/index.php?rest_route=%2Fwp%2Fv2%2Fmedia&parent=54556"}],"wp:term":[{"taxonomy":"category","embeddable":true,"href":"https:\/\/labestiapolitica.com.mx\/index.php?rest_route=%2Fwp%2Fv2%2Fcategories&post=54556"},{"taxonomy":"post_tag","embeddable":true,"href":"https:\/\/labestiapolitica.com.mx\/index.php?rest_route=%2Fwp%2Fv2%2Ftags&post=54556"}],"curies":[{"name":"wp","href":"https:\/\/api.w.org\/{rel}","templated":true}]}}