{"id":54666,"date":"2025-11-21T07:00:29","date_gmt":"2025-11-21T13:00:29","guid":{"rendered":"https:\/\/labestiapolitica.com.mx\/?p=54666"},"modified":"2025-11-21T07:14:43","modified_gmt":"2025-11-21T13:14:43","slug":"opinion-periodista-no-es-el-que-un-colegio-decide-es-quien-ejerce-la-labor-informativa","status":"publish","type":"post","link":"https:\/\/labestiapolitica.com.mx\/?p=54666","title":{"rendered":"Opini\u00f3n\u2026 Periodista no es el que un colegio decide: es quien ejerce la labor informativa."},"content":{"rendered":"<p>&nbsp;<\/p>\n<ul>\n<li class=\"s5\" style=\"text-align: justify;\"><span class=\"s4\"><span class=\"bumpedFont15\">Ni reglamentos pendientes ni clubes privados definen al periodismo<\/span><\/span><span class=\"s4\"><span class=\"bumpedFont15\">.<\/span><\/span><\/li>\n<\/ul>\n<p class=\"s5\" style=\"text-align: justify;\"><span class=\"s4\"><span class=\"bumpedFont15\">Por a\u00f1os, Tlaxcala ha caminado entre vac\u00edos legales y excesos de poder, pero nada ha sido tan insistente como el intento de convertir al periodismo en un coto cerrado donde unos cuantos decidan qui\u00e9n \u201cmerece\u201d hablar y qui\u00e9n no.<\/span><\/span><\/p>\n<p class=\"s5\" style=\"text-align: justify;\"><span class=\"s4\"><span class=\"bumpedFont15\"><br \/>\n<\/span><\/span><span class=\"s4\"><span class=\"bumpedFont15\">Esa pretensi\u00f3n, disfrazada de \u201cprofesionalizaci\u00f3n\u201d, aparece otra vez en discursos que confunden tr\u00e1mites administrativos con derechos humanos, y colegiados con tribunales morales.<\/span><\/span><\/p>\n<p class=\"s5\"><span class=\"s4\"><span class=\"bumpedFont15\">No es novedad.<\/span><\/span><\/p>\n<p class=\"s5\" style=\"text-align: justify;\"><span class=\"s4\"><span class=\"bumpedFont15\">La historia pol\u00edtica de M\u00e9xico conoce muy bien a quienes intentan regular la voz para regular la cr\u00edtica.<\/span><\/span><\/p>\n<p class=\"s5\" style=\"text-align: justify;\"><span class=\"s4\"><span class=\"bumpedFont15\">Lo que s\u00ed sorprende es que, en pleno 2025, haya quien empiece su columna proclamando que \u201cel primer requisito para ser periodista es no ser pendejo\u201d, para luego construir un alegato que reposa justo en lo contrario: en confusiones legales, falacias y una profunda incomprensi\u00f3n de la libertad de expresi\u00f3n.<\/span><\/span><\/p>\n<p class=\"s5\">\n<p class=\"s5\" style=\"text-align: justify;\"><span class=\"s2\"><span class=\"bumpedFont15\">1. La profesi\u00f3n no nace de un reglamento estatal<\/span><\/span><\/p>\n<p class=\"s5\" style=\"text-align: justify;\"><span class=\"s4\"><span class=\"bumpedFont15\">Se repite con dramatismo que \u201csin reglamento no hay profesi\u00f3n\u201d.<\/span><\/span><span class=\"s4\"><span class=\"bumpedFont15\"><br \/>\n<\/span><\/span><span class=\"s4\"><span class=\"bumpedFont15\">Falso.<\/span><\/span><\/p>\n<p style=\"text-align: justify;\"><span class=\"s4\"><span class=\"bumpedFont15\">En M\u00e9xico, la calidad de profesionista la determina:<\/span><\/span><\/p>\n<p style=\"text-align: justify;\"><span class=\"s4\"><span class=\"bumpedFont15\">\u2013 el t\u00edtulo,<\/span><\/span><span class=\"s4\"><span class=\"bumpedFont15\"><br \/>\n<\/span><\/span><span class=\"s4\"><span class=\"bumpedFont15\">\u2013 la c\u00e9dula profesional federal<\/span><\/span><span class=\"s4\"><span class=\"bumpedFont15\"><br \/>\n<\/span><\/span><span class=\"s4\"><span class=\"bumpedFont15\">\u2013 y el reconocimiento de la Secretar\u00eda de Educaci\u00f3n P\u00fablica.<\/span><\/span><\/p>\n<p class=\"s5\" style=\"text-align: justify;\"><span class=\"s4\"><span class=\"bumpedFont15\">La Ley de Profesiones estatal regula el <\/span><\/span><span class=\"s2\"><span class=\"bumpedFont15\">ejercicio administrativo<\/span><\/span><span class=\"s4\"><span class=\"bumpedFont15\">, no la existencia de una profesi\u00f3n.<\/span><\/span><\/p>\n<p style=\"text-align: justify;\"><span class=\"s4\"><span class=\"bumpedFont15\">El periodismo \u2014como sucede en casi todas las democracias\u2014 <\/span><\/span><span class=\"s2\"><span class=\"bumpedFont15\">no es una profesi\u00f3n reservada<\/span><\/span><span class=\"s4\"><span class=\"bumpedFont15\">, ni puede serlo, porque entra en conflicto directo con la libertad de expresi\u00f3n.<\/span><\/span><\/p>\n<p style=\"text-align: justify;\"><span class=\"s4\"><span class=\"bumpedFont15\">El reglamento puede ser \u00fatil, s\u00ed, pero no tiene el poder m\u00e1gico de inventar o destruir profesiones.<\/span><\/span><\/p>\n<p style=\"text-align: justify;\"><span class=\"s4\"><span class=\"bumpedFont15\"><br \/>\n<\/span><\/span><span class=\"s4\"><span class=\"bumpedFont15\">Eso no es derecho: es fantas\u00eda normativa.<\/span><\/span><\/p>\n<p style=\"text-align: justify;\"><span class=\"s2\"><span class=\"bumpedFont15\">2. Confundir profesionalizaci\u00f3n con control pol\u00edtico es peligroso<\/span><\/span><\/p>\n<p class=\"s5\" style=\"text-align: justify;\"><span class=\"s4\"><span class=\"bumpedFont15\">Quienes impulsan la idea de que una acreditaci\u00f3n estatal ser\u00e1 la soluci\u00f3n contra el \u201cintrusismo\u201d olvidan un peque\u00f1o detalle:<\/span><\/span> <span class=\"s4\"><span class=\"bumpedFont15\">hist\u00f3ricamente, los mecanismos de certificaci\u00f3n obligatoria en medios han servido para lo contrario: silenciar, limitar y domesticar.<\/span><\/span><\/p>\n<p class=\"s5\" style=\"text-align: justify;\"><span class=\"s4\"><span class=\"bumpedFont15\">No hay pa\u00eds democr\u00e1tico donde se exija permiso estatal para ejercer periodismo.<\/span><\/span><span class=\"s4\"><span class=\"bumpedFont15\"><br \/>\n<\/span><\/span><\/p>\n<p class=\"s5\" style=\"text-align: justify;\"><span class=\"s4\"><span class=\"bumpedFont15\">Justamente porque el Estado nunca puede ser el guardi\u00e1n de la palabra.<\/span><\/span><\/p>\n<p class=\"s5\" style=\"text-align: justify;\"><span class=\"s2\"><span class=\"bumpedFont15\">3. Periodista no es el que un colegio decide: es quien ejerce la labor informativa<\/span><\/span><\/p>\n<p style=\"text-align: justify;\"><span class=\"s4\"><span class=\"bumpedFont15\">L<\/span><\/span><span class=\"s4\"><span class=\"bumpedFont15\">eer expresiones que <\/span><\/span><span class=\"s4\"><span class=\"bumpedFont15\">intenta dividir<\/span><\/span><span class=\"s4\"><span class=\"bumpedFont15\"> como<\/span><\/span><span class=\"s4\"><span class=\"bumpedFont15\">:<\/span><\/span><\/p>\n<p style=\"text-align: justify;\"><span class=\"s4\"><span class=\"bumpedFont15\">\u2013 periodistas \u201cde verdad\u201d<\/span><\/span><span class=\"s4\"><span class=\"bumpedFont15\"><br \/>\n<\/span><\/span><span class=\"s4\"><span class=\"bumpedFont15\">\u2013 y opinadores, columnistas o ciudadanos \u201cque nom\u00e1s opinan\u201d.<\/span><\/span><\/p>\n<p class=\"s5\" style=\"text-align: justify;\"><span class=\"s4\"><span class=\"bumpedFont15\">Pero el periodismo contempor\u00e1neo es mucho m\u00e1s amplio que esa visi\u00f3n estrecha:<\/span><\/span><\/p>\n<p style=\"text-align: justify;\"><span class=\"s4\"><span class=\"bumpedFont15\">\u2013 hay periodismo de investigaci\u00f3n hecho por organizaciones civiles;<\/span><\/span><span class=\"s4\"><span class=\"bumpedFont15\"><br \/>\n<\/span><\/span><span class=\"s4\"><span class=\"bumpedFont15\">\u2013 hay periodismo comunitario;<\/span><\/span><span class=\"s4\"><span class=\"bumpedFont15\"><br \/>\n<\/span><\/span><span class=\"s4\"><span class=\"bumpedFont15\">\u2013 hay medios independientes;<\/span><\/span><span class=\"s4\"><span class=\"bumpedFont15\"><br \/>\n<\/span><\/span><span class=\"s4\"><span class=\"bumpedFont15\">\u2013 hay periodistas emp\u00edricos que han documentado realidades que nadie m\u00e1s quiso ver.<\/span><\/span><\/p>\n<p class=\"s5\" style=\"text-align: justify;\"><span class=\"s6\"><span class=\"bumpedFont15\">Reducir la profesi\u00f3n a un club colegiado es desconocer la evoluci\u00f3n del oficio y negar su fuerza social.<\/span><\/span><\/p>\n<p style=\"text-align: justify;\"><span class=\"s2\"><span class=\"bumpedFont15\">4. La \u00e9tica no se impone: se ejerce<\/span><\/span><\/p>\n<p class=\"s5\" style=\"text-align: justify;\"><span class=\"s4\"><span class=\"bumpedFont15\">Existen columnas que dicen <\/span><\/span><span class=\"s4\"><span class=\"bumpedFont15\">reivindica<\/span><\/span><span class=\"s4\"><span class=\"bumpedFont15\">r<\/span><\/span><span class=\"s4\"><span class=\"bumpedFont15\"> el rigor, pero cae una y otra vez en descalificaciones personales, adjetivos clasistas y ataques innecesarios.<\/span><\/span><span class=\"s4\"><span class=\"bumpedFont15\"><br \/>\n<\/span><\/span><\/p>\n<p style=\"text-align: justify;\"><span class=\"s4\"><span class=\"bumpedFont15\">Dif\u00edcil hablar de \u00e9tica cuando la ret\u00f3rica se utiliza como arma para excluir, no para construir.<\/span><\/span><\/p>\n<p style=\"text-align: justify;\"><span class=\"s4\"><span class=\"bumpedFont15\">Una regulaci\u00f3n seria jam\u00e1s nace del desprecio.<\/span><\/span><\/p>\n<p class=\"s5\" style=\"text-align: justify;\"><span class=\"s2\"><span class=\"bumpedFont15\">5. El reglamento estatal s\u00ed es un pendiente\u2026 pero no el centro de la discusi\u00f3n<\/span><\/span><\/p>\n<p style=\"text-align: justify;\"><span class=\"s4\"><span class=\"bumpedFont15\">Tlaxcala debe ordenar su Ley de Profesiones.<\/span><\/span> <span class=\"s4\"><span class=\"bumpedFont15\">Eso es indiscutible.<\/span><\/span><\/p>\n<p style=\"text-align: justify;\"><span class=\"s4\"><span class=\"bumpedFont15\">Pero convertir ese vac\u00edo administrativo en la causa de todos los males del periodismo es una distorsi\u00f3n.<\/span><\/span><\/p>\n<p style=\"text-align: justify;\"><span class=\"s4\"><span class=\"bumpedFont15\">Los problemas reales son otros:<\/span><\/span><\/p>\n<div class=\"s8\"><span class=\"s7\">\u2022 <\/span><span class=\"s4\"><span class=\"bumpedFont15\">C<\/span><\/span><span class=\"s4\"><span class=\"bumpedFont15\">oncentraci\u00f3n medi\u00e1tica;<\/span><\/span><\/div>\n<div class=\"s8\" style=\"text-align: justify;\"><span class=\"s7\">\u2022 <\/span><span class=\"s4\"><span class=\"bumpedFont15\">P<\/span><\/span><span class=\"s4\"><span class=\"bumpedFont15\">recariedad laboral;<\/span><\/span><\/div>\n<div class=\"s8\"><span class=\"s7\">\u2022 <\/span><span class=\"s4\"><span class=\"bumpedFont15\">V<\/span><\/span><span class=\"s4\"><span class=\"bumpedFont15\">iolencia contra periodistas;<\/span><\/span><\/div>\n<div class=\"s8\"><span class=\"s7\">\u2022 <\/span><span class=\"s4\"><span class=\"bumpedFont15\">F<\/span><\/span><span class=\"s4\"><span class=\"bumpedFont15\">alta de acceso a informaci\u00f3n p\u00fablica;<\/span><\/span><\/div>\n<div class=\"s8\"><span class=\"s7\">\u2022 <\/span><span class=\"s4\"><span class=\"bumpedFont15\">D<\/span><\/span><span class=\"s4\"><span class=\"bumpedFont15\">ependencias gubernamentales que premian o castigan l\u00edneas editoriales.<\/span><\/span><\/div>\n<p style=\"text-align: justify;\"><span class=\"s6\"><span class=\"bumpedFont15\">Ning\u00fan reglamento resolver\u00e1 eso.<\/span><\/span><\/p>\n<p style=\"text-align: justify;\"><span class=\"s2\"><span class=\"bumpedFont15\">6. La libertad de expresi\u00f3n no se negocia<\/span><\/span><\/p>\n<p class=\"s5\" style=\"text-align: justify;\"><span class=\"s4\"><span class=\"bumpedFont15\">Hay quienes<\/span><\/span><span class=\"s4\"><span class=\"bumpedFont15\"> afirma<\/span><\/span><span class=\"s4\"><span class=\"bumpedFont15\">n<\/span><\/span><span class=\"s4\"><span class=\"bumpedFont15\"> que nadie quiere regular la expresi\u00f3n, pero al mismo tiempo exige definir qui\u00e9n s\u00ed y qui\u00e9n no puede considerarse periodista.<\/span><\/span><\/p>\n<p class=\"s5\" style=\"text-align: justify;\"><span class=\"s4\"><span class=\"bumpedFont15\">Ese es el camino exacto hacia la censura indirecta.<\/span><\/span><\/p>\n<p style=\"text-align: justify;\"><span class=\"s4\"><span class=\"bumpedFont15\">La libertad de expresi\u00f3n no depende de si un colegio te reconoce o si un gobierno publica un reglamento.<\/span><\/span><\/p>\n<p class=\"s5\"><span class=\"s4\"><span class=\"bumpedFont15\">Depende de la Constituci\u00f3n.<\/span><\/span><\/p>\n<p class=\"s5\" style=\"text-align: justify;\"><span class=\"s4\"><span class=\"bumpedFont15\">Y la Constituci\u00f3n es clara:<\/span><\/span> <span class=\"s2\"><span class=\"bumpedFont15\">T<\/span><\/span><span class=\"s2\"><span class=\"bumpedFont15\">odas las personas pueden difundir informaci\u00f3n, ideas y opiniones por cualquier medio.<\/span><\/span><\/p>\n<p style=\"text-align: justify;\"><span class=\"s4\"><span class=\"bumpedFont15\">Sin permiso.<\/span><\/span><span class=\"s4\"><span class=\"bumpedFont15\"><br \/>\n<\/span><\/span><span class=\"s4\"><span class=\"bumpedFont15\">Sin etiqueta profesional.<\/span><\/span><span class=\"s4\"><span class=\"bumpedFont15\"><br \/>\n<\/span><\/span><span class=\"s4\"><span class=\"bumpedFont15\">Sin validaci\u00f3n de un c\u00edrculo exclusivo.<\/span><\/span><\/p>\n<p style=\"text-align: justify;\"><span class=\"s2\"><span class=\"bumpedFont15\">7. Periodismo es servicio p\u00fablico, no propiedad privada<\/span><\/span><\/p>\n<p style=\"text-align: justify;\"><span class=\"s4\"><span class=\"bumpedFont15\">La esencia del periodismo est\u00e1 en su funci\u00f3n social:<\/span><\/span><span class=\"s4\"><span class=\"bumpedFont15\">informar para generar ciudadan\u00eda cr\u00edtica.<\/span><\/span><\/p>\n<p style=\"text-align: justify;\"><span class=\"s4\"><span class=\"bumpedFont15\">No en t\u00edtulos, no en sellos notariales, no en colegiados que crean tener el monopolio de la credibilidad.<\/span><\/span><\/p>\n<p><span class=\"s4\"><span class=\"bumpedFont15\">La profesionalizaci\u00f3n es deseable, s\u00ed.<\/span><\/span><span class=\"s4\"><span class=\"bumpedFont15\"><br \/>\n<\/span><\/span><span class=\"s4\"><span class=\"bumpedFont15\">La acreditaci\u00f3n voluntaria, tambi\u00e9n.<\/span><\/span><span class=\"s4\"><span class=\"bumpedFont15\"><br \/>\n<\/span><\/span><span class=\"s4\"><span class=\"bumpedFont15\">La formaci\u00f3n \u00e9tica, imprescindible.<\/span><\/span><\/p>\n<p style=\"text-align: justify;\"><span class=\"s4\"><span class=\"bumpedFont15\">Pero nada de eso sustituye un principio b\u00e1sico:<\/span><\/span> <span class=\"s2\"><span class=\"bumpedFont15\">el periodismo es tan amplio como la sociedad que lo practica.<\/span><\/span><\/p>\n<p><span class=\"s2\"><span class=\"bumpedFont15\">Conclusi\u00f3n<\/span><\/span><span class=\"s2\"><span class=\"bumpedFont15\">:<\/span><\/span><\/p>\n<p class=\"s5\" style=\"text-align: justify;\"><span class=\"s4\"><span class=\"bumpedFont15\">Tlaxcala necesita su reglamento de profesiones.<\/span><\/span><span class=\"s4\"><span class=\"bumpedFont15\"><br \/>\n<\/span><\/span><span class=\"s4\"><span class=\"bumpedFont15\">Eso es un hecho.<\/span><\/span><\/p>\n<p class=\"s5\" style=\"text-align: justify;\"><span class=\"s4\"><span class=\"bumpedFont15\">Lo que Tlaxcala no necesita es que, bajo ese pretexto, se intente convertir el periodismo en una identidad concedida por un grupo, una autoridad o un notario.<\/span><\/span><\/p>\n<p class=\"s5\" style=\"text-align: justify;\"><span class=\"s4\"><span class=\"bumpedFont15\">La libertad de expresi\u00f3n no tiene gatekeepers.<\/span><\/span><span class=\"s4\"><span class=\"bumpedFont15\"><br \/>\n<\/span><\/span><span class=\"s4\"><span class=\"bumpedFont15\">El periodismo no tiene due\u00f1o.<\/span><\/span><\/p>\n<p class=\"s5\" style=\"text-align: justify;\"><span class=\"s4\"><span class=\"bumpedFont15\">Y si de profesionalizar se trata, siempre ser\u00e1 m\u00e1s s\u00f3lido construir desde la inclusi\u00f3n, la formaci\u00f3n y la responsabilidad\u2026 que desde la arrogancia y la exclusi\u00f3n.<\/span><\/span><\/p>\n<p class=\"s5\" style=\"text-align: justify;\"><span class=\"s4\"><span class=\"bumpedFont15\">Aqu\u00ed empieza la conversaci\u00f3n que s\u00ed importa. Y la que no puede ser definida por intereses particulares, sino por el derecho que tenemos todos a informar y ser informados.<\/span><\/span><\/p>\n<p class=\"s9\">\n<p class=\"s9\"><span class=\"s2\"><span class=\"bumpedFont15\">Yeny<\/span><\/span> <span class=\"s2\"><span class=\"bumpedFont15\">Charrez<\/span><\/span><span class=\"s2\"><span class=\"bumpedFont15\"> Carlos<\/span><\/span><\/p>\n<p class=\"s9\"><span class=\"s2\"><span class=\"bumpedFont15\">Activista, abogada, y Comunicadora social<\/span><\/span><\/p>\n<p>&nbsp;<\/p>\n","protected":false},"excerpt":{"rendered":"<p>&nbsp; Ni reglamentos pendientes ni clubes privados definen al periodismo. Por a\u00f1os, Tlaxcala ha caminado entre vac\u00edos legales y excesos de poder, pero nada ha sido tan insistente como el intento de convertir al periodismo en un coto cerrado donde unos cuantos decidan qui\u00e9n \u201cmerece\u201d hablar y qui\u00e9n no. Esa pretensi\u00f3n, disfrazada de \u201cprofesionalizaci\u00f3n\u201d, aparece [&hellip;]<\/p>\n","protected":false},"author":3,"featured_media":54667,"comment_status":"open","ping_status":"open","sticky":false,"template":"","format":"standard","meta":{"footnotes":""},"categories":[6],"tags":[],"class_list":["post-54666","post","type-post","status-publish","format-standard","has-post-thumbnail","hentry","category-opinion"],"amp_enabled":true,"_links":{"self":[{"href":"https:\/\/labestiapolitica.com.mx\/index.php?rest_route=\/wp\/v2\/posts\/54666","targetHints":{"allow":["GET"]}}],"collection":[{"href":"https:\/\/labestiapolitica.com.mx\/index.php?rest_route=\/wp\/v2\/posts"}],"about":[{"href":"https:\/\/labestiapolitica.com.mx\/index.php?rest_route=\/wp\/v2\/types\/post"}],"author":[{"embeddable":true,"href":"https:\/\/labestiapolitica.com.mx\/index.php?rest_route=\/wp\/v2\/users\/3"}],"replies":[{"embeddable":true,"href":"https:\/\/labestiapolitica.com.mx\/index.php?rest_route=%2Fwp%2Fv2%2Fcomments&post=54666"}],"version-history":[{"count":1,"href":"https:\/\/labestiapolitica.com.mx\/index.php?rest_route=\/wp\/v2\/posts\/54666\/revisions"}],"predecessor-version":[{"id":54668,"href":"https:\/\/labestiapolitica.com.mx\/index.php?rest_route=\/wp\/v2\/posts\/54666\/revisions\/54668"}],"wp:featuredmedia":[{"embeddable":true,"href":"https:\/\/labestiapolitica.com.mx\/index.php?rest_route=\/wp\/v2\/media\/54667"}],"wp:attachment":[{"href":"https:\/\/labestiapolitica.com.mx\/index.php?rest_route=%2Fwp%2Fv2%2Fmedia&parent=54666"}],"wp:term":[{"taxonomy":"category","embeddable":true,"href":"https:\/\/labestiapolitica.com.mx\/index.php?rest_route=%2Fwp%2Fv2%2Fcategories&post=54666"},{"taxonomy":"post_tag","embeddable":true,"href":"https:\/\/labestiapolitica.com.mx\/index.php?rest_route=%2Fwp%2Fv2%2Ftags&post=54666"}],"curies":[{"name":"wp","href":"https:\/\/api.w.org\/{rel}","templated":true}]}}