{"id":54675,"date":"2025-11-20T13:37:05","date_gmt":"2025-11-20T19:37:05","guid":{"rendered":"https:\/\/labestiapolitica.com.mx\/?p=54675"},"modified":"2025-11-21T07:38:55","modified_gmt":"2025-11-21T13:38:55","slug":"asume-mirna-eugenia-garduno-ruiz-delegacion-del-ine-en-tlaxcala","status":"publish","type":"post","link":"https:\/\/labestiapolitica.com.mx\/?p=54675","title":{"rendered":"Asume Mirna Eugenia Gardu\u00f1o Ruiz delegaci\u00f3n del INE en Tlaxcala"},"content":{"rendered":"<p class=\"p1\" style=\"text-align: justify;\"><span class=\"s1\">Este jueves, Mirna Eugenia Gardu\u00f1o Ruiz rindi\u00f3 protesta como encargada del Despacho de la Vocal\u00eda Ejecutiva de la delegaci\u00f3n del Instituto Nacional Electoral (INE) en Tlaxcala, en relevo del J. Jes\u00fas Lule Ortega, quien desde 2016 se desempe\u00f1aba en el cargo y que present\u00f3 su renuncia al Instituto despu\u00e9s de 33 a\u00f1os de servicio, con motivo del inicio de sus tr\u00e1mites prejubilatorios.<\/span><\/p>\n<p class=\"p1\" style=\"text-align: justify;\"><span class=\"s1\">Conforme al oficio n\u00famero INE\/SE\/2750\/2025, de fecha 13 de noviembre del presente, signado por la Secretar\u00eda Ejecutiva del INE, Claudia Arlett Espino, despu\u00e9s de revisar los requisitos legales aplicables por parte de la Direcci\u00f3n Ejecutiva del Servicio Profesional Electoral Nacional (DESPEN), Gardu\u00f1o Ruiz fue designada para asumir el Despacho, hasta en tanto se nombre a la persona que ocupe la vacante de manera permanente.<\/span><\/p>\n<p class=\"p1\" style=\"text-align: justify;\"><span class=\"s1\">\u201cA efecto de garantizar la continuidad de las actividades sustantivas que desarrollar\u00e1 y por as\u00ed requerirlo las necesidades del Instituto; le comunico su designaci\u00f3n como Encargada del despacho en el cargo de Vocal Ejecutiva en la Junta Local Ejecutiva en el estado de Tlaxcala, la cual ser\u00e1 vigente a partir del 17 de noviembre de 2025\u201d, se\u00f1ala el documento.<\/span><\/p>\n<p class=\"p1\" style=\"text-align: justify;\"><span class=\"s1\">De esta forma, en sesi\u00f3n de la Junta Local Ejecutiva realizada en la Sala de Sesiones de la delegaci\u00f3n estatal, Gardu\u00f1o Ruiz rindi\u00f3 protesta al cargo ante sus integrantes y se dijo dispuesta a dar continuidad a los trabajos del INE en la entidad tlaxcalteca con miras al Proceso Electoral Federal concurrente con el Local 2026-2027 que iniciar\u00e1 en septiembre del a\u00f1o entrante. <\/span><\/p>\n<p class=\"p1\" style=\"text-align: justify;\"><span class=\"s1\">Tras el acto, agradeci\u00f3 la encomienda que el INE pone en sus manos y afirm\u00f3 que dar\u00e1 cabal cumplimento a los preceptos constitucionales y legales vigentes en la materia, al igual que a los principios rectores de la funci\u00f3n electoral, para asegurar la continuidad de las operaciones. <\/span><\/p>\n<p class=\"p1\" style=\"text-align: justify;\"><span class=\"s1\">La funcionaria electoral record\u00f3 que por m\u00e1s de seis a\u00f1os ha tenido a su cargo la Vocal\u00eda de Organizaci\u00f3n Electoral en la entidad, lo que le ha permitido conocer las tareas delegacionales estatales y su operaci\u00f3n, experiencia que hace posible tomar naturalmente la encomienda.<\/span><\/p>\n<p class=\"p1\" style=\"text-align: justify;\"><span class=\"s1\">Se llev\u00f3 a cabo la entrega-recepci\u00f3n delegacional<\/span><\/p>\n<p class=\"p1\" style=\"text-align: justify;\"><span class=\"s1\">Previamente, el pasado mi\u00e9rcoles, Mirna Eugenia Gardu\u00f1o Ruiz recibi\u00f3, de manos de su antecesor, la documentaci\u00f3n que espec\u00edfica el estado que guarda la delegaci\u00f3n estatal del INE, con base en los registros de la Coordinaci\u00f3n Administrativa y con el apoyo del asesor jur\u00eddico local.<\/span><\/p>\n<p class=\"p1\" style=\"text-align: justify;\"><span class=\"s1\">Ah\u00ed, el anterior titular de la Vocal\u00eda Ejecutiva entreg\u00f3 la documentaci\u00f3n necesaria para proseguir con la operaci\u00f3n ordinaria y con las actividades delegacionales sin ninguna dilaci\u00f3n, informaci\u00f3n que ahora est\u00e1 sujeta al an\u00e1lisis de la nueva Vocal Ejecutiva para los fines procedentes. <\/span><\/p>\n<p class=\"p1\" style=\"text-align: justify;\"><span class=\"s1\">Como primera acci\u00f3n, la Vocal Ejecutiva local se reuni\u00f3 con el equipo de trabajo que conforma las diversas \u00e1reas para hacerles de conocimiento sobre su nuevo encargo, as\u00ed como para ponerse al tanto de los asuntos en desarrollo y pendientes, a quienes, de paso, hizo saber su disposici\u00f3n para dar continuidad a los trabajos, apuntalando cada actividad desde su \u00e1mbito de competencia.<\/span><\/p>\n","protected":false},"excerpt":{"rendered":"<p>Este jueves, Mirna Eugenia Gardu\u00f1o Ruiz rindi\u00f3 protesta como encargada del Despacho de la Vocal\u00eda Ejecutiva de la delegaci\u00f3n del Instituto Nacional Electoral (INE) en Tlaxcala, en relevo del J. Jes\u00fas Lule Ortega, quien desde 2016 se desempe\u00f1aba en el cargo y que present\u00f3 su renuncia al Instituto despu\u00e9s de 33 a\u00f1os de servicio, con [&hellip;]<\/p>\n","protected":false},"author":3,"featured_media":54676,"comment_status":"open","ping_status":"open","sticky":false,"template":"","format":"standard","meta":{"footnotes":""},"categories":[12],"tags":[],"class_list":["post-54675","post","type-post","status-publish","format-standard","has-post-thumbnail","hentry","category-brujula-2026"],"amp_enabled":true,"_links":{"self":[{"href":"https:\/\/labestiapolitica.com.mx\/index.php?rest_route=\/wp\/v2\/posts\/54675","targetHints":{"allow":["GET"]}}],"collection":[{"href":"https:\/\/labestiapolitica.com.mx\/index.php?rest_route=\/wp\/v2\/posts"}],"about":[{"href":"https:\/\/labestiapolitica.com.mx\/index.php?rest_route=\/wp\/v2\/types\/post"}],"author":[{"embeddable":true,"href":"https:\/\/labestiapolitica.com.mx\/index.php?rest_route=\/wp\/v2\/users\/3"}],"replies":[{"embeddable":true,"href":"https:\/\/labestiapolitica.com.mx\/index.php?rest_route=%2Fwp%2Fv2%2Fcomments&post=54675"}],"version-history":[{"count":1,"href":"https:\/\/labestiapolitica.com.mx\/index.php?rest_route=\/wp\/v2\/posts\/54675\/revisions"}],"predecessor-version":[{"id":54677,"href":"https:\/\/labestiapolitica.com.mx\/index.php?rest_route=\/wp\/v2\/posts\/54675\/revisions\/54677"}],"wp:featuredmedia":[{"embeddable":true,"href":"https:\/\/labestiapolitica.com.mx\/index.php?rest_route=\/wp\/v2\/media\/54676"}],"wp:attachment":[{"href":"https:\/\/labestiapolitica.com.mx\/index.php?rest_route=%2Fwp%2Fv2%2Fmedia&parent=54675"}],"wp:term":[{"taxonomy":"category","embeddable":true,"href":"https:\/\/labestiapolitica.com.mx\/index.php?rest_route=%2Fwp%2Fv2%2Fcategories&post=54675"},{"taxonomy":"post_tag","embeddable":true,"href":"https:\/\/labestiapolitica.com.mx\/index.php?rest_route=%2Fwp%2Fv2%2Ftags&post=54675"}],"curies":[{"name":"wp","href":"https:\/\/api.w.org\/{rel}","templated":true}]}}