{"id":54735,"date":"2025-11-22T12:19:24","date_gmt":"2025-11-22T18:19:24","guid":{"rendered":"https:\/\/labestiapolitica.com.mx\/?p=54735"},"modified":"2025-11-22T15:15:59","modified_gmt":"2025-11-22T21:15:59","slug":"se-centrara-mc-en-los-jovenes-y-los-desencantados-para-la-contienda-de-2027","status":"publish","type":"post","link":"https:\/\/labestiapolitica.com.mx\/?p=54735","title":{"rendered":"Se centrar\u00e1 MC en los j\u00f3venes y los desencantados para la contienda de 2027"},"content":{"rendered":"<ul>\n<li style=\"text-align: justify;\">El posible aspirante a la gubernatura de Tlaxcala por MC critica las afiliaciones forzadas y convoca a un frente amplio ciudadano para \u00abconstruir un Tlaxcala diferente\u00bb.<\/li>\n<\/ul>\n<p style=\"text-align: justify;\">Mariana LOVERA \/\/ En el marco de la presentaci\u00f3n de la campa\u00f1a \u201cTlaxcala Naranja Construyendo Paz\u201d, Delfino Su\u00e1rez, se\u00f1alado como aspirante a la gubernatura del estado por Movimiento Ciudadano (MC) para 2027, deline\u00f3 la estrategia pol\u00edtica del partido, centrada en la ciudadan\u00eda y con una clara apuesta por el voto joven.<\/p>\n<p style=\"text-align: justify;\">Durante una entrevista posterior al evento, Su\u00e1rez explic\u00f3 que la fuerza del partido naranja no est\u00e1 en las afiliaciones, sino en \u00abla convicci\u00f3n de la gente\u00bb. En una clara cr\u00edtica al partido en el poder, afirm\u00f3 que este \u00abobliga a afiliarse\u00bb, una pr\u00e1ctica que MC busca contrarrestar con un mensaje de unidad.<\/p>\n<p style=\"text-align: justify;\">\u00abMovimiento Ciudadano convoca a toda la ciudadan\u00eda, incluyendo miembros de otros partidos y aquellos sin militancia, para construir un Tlaxcala diferente\u00bb, declar\u00f3 Su\u00e1rez. Su objetivo es \u00abromper la divisi\u00f3n en Tlaxcala\u00bb, la cual atribuy\u00f3 a una estrategia pol\u00edtica deliberada de un grupo en el poder.<\/p>\n<p style=\"text-align: justify;\">Uno de los pilares de la estrategia ser\u00e1 captar el voto de quienes tradicionalmente se mantienen al margen. Su\u00e1rez anunci\u00f3 que pondr\u00e1n especial atenci\u00f3n en \u00abaquellos que no votan, porque est\u00e1n hartos o piensan que todos los partidos son iguales\u00bb.<\/p>\n<p style=\"text-align: justify;\">Sin embargo, el segmento m\u00e1s crucial ser\u00e1 el de los j\u00f3venes. El aspirante gubernamental revel\u00f3 que \u00abel 35% del padr\u00f3n electoral para 2027 son j\u00f3venes\u00bb, un sector que, a su juicio, ha sido ignorado.<\/p>\n<p style=\"text-align: justify;\">\u00abSe prestar\u00e1 especial atenci\u00f3n a los ni\u00f1os y adolescentes (14-15 a\u00f1os) que son activos, pero no tomados en cuenta por no votar\u00bb, afirm\u00f3. \u00abTrabajaremos para que entiendan que el futuro de Tlaxcala es su presente\u00bb, subray\u00f3, marcando la l\u00ednea para una campa\u00f1a que buscar\u00e1 empoderar a las nuevas generaciones.<\/p>\n<p style=\"text-align: justify;\">Con esta visi\u00f3n, Movimiento Ciudadano ya se prepara de lleno para las elecciones de 2027, donde buscar\u00e1n no solo la gubernatura, sino tambi\u00e9n un n\u00famero significativo de presidencias municipales y de comunidad. La campa\u00f1a \u00abTlaxcala Naranja Construyendo Paz\u00bb, que incluye la expansi\u00f3n de las &#8216;Casas Naranja&#8217; con servicios comunitarios, sirve como el pilar de su estrategia para conectar con la base social y construir una plataforma s\u00f3lida de cara a la contienda electoral.<\/p>\n<p style=\"text-align: justify;\">El evento de presentaci\u00f3n tambi\u00e9n cont\u00f3 con la presencia de la l\u00edder estatal de MC, Danae Figueroa, el Dip. Braulio L\u00f3pez Ochoa, la diputada federal Mariana Jim\u00e9nez, Agust\u00edn Bret\u00f3n, \u00c1ngel Meneses y otros dirigentes.<\/p>\n<p>&nbsp;<\/p>\n<p>&nbsp;<\/p>\n","protected":false},"excerpt":{"rendered":"<p>El posible aspirante a la gubernatura de Tlaxcala por MC critica las afiliaciones forzadas y convoca a un frente amplio ciudadano para \u00abconstruir un Tlaxcala diferente\u00bb. Mariana LOVERA \/\/ En el marco de la presentaci\u00f3n de la campa\u00f1a \u201cTlaxcala Naranja Construyendo Paz\u201d, Delfino Su\u00e1rez, se\u00f1alado como aspirante a la gubernatura del estado por Movimiento Ciudadano [&hellip;]<\/p>\n","protected":false},"author":6,"featured_media":54736,"comment_status":"open","ping_status":"open","sticky":false,"template":"","format":"standard","meta":{"footnotes":""},"categories":[3,252,247],"tags":[],"class_list":["post-54735","post","type-post","status-publish","format-standard","has-post-thumbnail","hentry","category-8-columnas","category-movimiento-ciudadano","category-politica"],"amp_enabled":true,"_links":{"self":[{"href":"https:\/\/labestiapolitica.com.mx\/index.php?rest_route=\/wp\/v2\/posts\/54735","targetHints":{"allow":["GET"]}}],"collection":[{"href":"https:\/\/labestiapolitica.com.mx\/index.php?rest_route=\/wp\/v2\/posts"}],"about":[{"href":"https:\/\/labestiapolitica.com.mx\/index.php?rest_route=\/wp\/v2\/types\/post"}],"author":[{"embeddable":true,"href":"https:\/\/labestiapolitica.com.mx\/index.php?rest_route=\/wp\/v2\/users\/6"}],"replies":[{"embeddable":true,"href":"https:\/\/labestiapolitica.com.mx\/index.php?rest_route=%2Fwp%2Fv2%2Fcomments&post=54735"}],"version-history":[{"count":3,"href":"https:\/\/labestiapolitica.com.mx\/index.php?rest_route=\/wp\/v2\/posts\/54735\/revisions"}],"predecessor-version":[{"id":54747,"href":"https:\/\/labestiapolitica.com.mx\/index.php?rest_route=\/wp\/v2\/posts\/54735\/revisions\/54747"}],"wp:featuredmedia":[{"embeddable":true,"href":"https:\/\/labestiapolitica.com.mx\/index.php?rest_route=\/wp\/v2\/media\/54736"}],"wp:attachment":[{"href":"https:\/\/labestiapolitica.com.mx\/index.php?rest_route=%2Fwp%2Fv2%2Fmedia&parent=54735"}],"wp:term":[{"taxonomy":"category","embeddable":true,"href":"https:\/\/labestiapolitica.com.mx\/index.php?rest_route=%2Fwp%2Fv2%2Fcategories&post=54735"},{"taxonomy":"post_tag","embeddable":true,"href":"https:\/\/labestiapolitica.com.mx\/index.php?rest_route=%2Fwp%2Fv2%2Ftags&post=54735"}],"curies":[{"name":"wp","href":"https:\/\/api.w.org\/{rel}","templated":true}]}}