{"id":54742,"date":"2025-11-22T15:03:53","date_gmt":"2025-11-22T21:03:53","guid":{"rendered":"https:\/\/labestiapolitica.com.mx\/?p=54742"},"modified":"2025-11-22T22:02:23","modified_gmt":"2025-11-23T04:02:23","slug":"con-casa-naranja-en-apetatitlan-mc-brinara-servicios-integrales-y-gratuitos-para-la-comunidad","status":"publish","type":"post","link":"https:\/\/labestiapolitica.com.mx\/?p=54742","title":{"rendered":"Con Casa Naranja en Apetatitl\u00e1n, MC brindar\u00e1 servicios integrales y gratuitos para la comunidad"},"content":{"rendered":"<p style=\"text-align: justify;\">Mariana LOVERA \/\/\u00a0 Con una ceremonia que congreg\u00f3 a l\u00edderes pol\u00edticos y sociales, Movimiento Ciudadano Tlaxcala inaugur\u00f3 oficialmente este fin de semana la Casa Naranja en el municipio de San Pablo Apetatitl\u00e1n, un centro comunitario dise\u00f1ado para funcionar como un pilar de apoyo social mediante la prestaci\u00f3n de servicios profesionales y gratuitos para sus habitantes.<\/p>\n<p style=\"text-align: justify;\">El nuevo espacio, que operar\u00e1 de manera permanente, tiene como misi\u00f3n principal acercar a la ciudadan\u00eda servicios esenciales que incluyen asesor\u00eda jur\u00eddica para la defensa de derechos, apoyo psicol\u00f3gico para la salud mental y orientaci\u00f3n m\u00e9dica preventiva, buscando impactar directamente en la calidad de vida de las familias.<\/p>\n<p style=\"text-align: justify;\">El acto inaugural cont\u00f3 con la presencia de una plana mayor de representantes, lo que evidenci\u00f3 el alcance estatal y nacional del proyecto. Entre los asistentes destacaron Braulio L\u00f3pez Ochoa, Presidente de la Fundaci\u00f3n M\u00e9xico con Valores; la Diputada Federal Mariana Jim\u00e9nez; el Delegado Nacional Roberto Jim\u00e9nez; la Coordinadora Estatal de Movimiento Ciudadano Tlaxcala, Danae Figueroa; y el Presidente del Consejo Estatal, Delfino \u201cEl Changuito\u201d Su\u00e1rez.<\/p>\n<p style=\"text-align: justify;\">Durante sus intervenciones, los presentes coincidieron de manera un\u00e1nime en que la apertura de esta casa representa un avance significativo en la construcci\u00f3n de un tejido social m\u00e1s fuerte. Subrayaron que no se trata solo de un local partidista, sino de un proyecto ciudadano que acerca herramientas profesionales y confiables a los sectores de la poblaci\u00f3n que m\u00e1s lo requieren, fortaleciendo as\u00ed la cultura de la solidaridad y el acompa\u00f1amiento.<\/p>\n<p style=\"text-align: justify;\">La operaci\u00f3n y coordinaci\u00f3n de las actividades de la Casa Naranja Apetatitl\u00e1n estar\u00e1 bajo la responsabilidad de Adalberto Garc\u00eda, quien se encargar\u00e1 de garantizar la atenci\u00f3n ciudadana y el funcionamiento continuo de los servicios. La sede f\u00edsica se encuentra ubicada en un punto c\u00e9ntrico y de f\u00e1cil acceso: Francisco I. Madero n\u00famero 12A, en San Pablo Apetatitl\u00e1n.<\/p>\n<p style=\"text-align: justify;\">Con esta inauguraci\u00f3n, Movimiento Ciudadano no solo ampl\u00eda su presencia territorial en el estado de Tlaxcala, sino que materializa y reafirma su compromiso de pasar de las promesas a los hechos, promoviendo causas ciudadanas a trav\u00e9s de acciones concretas, accesibles y de alto impacto para la comunidad.<\/p>\n","protected":false},"excerpt":{"rendered":"<p>Mariana LOVERA \/\/\u00a0 Con una ceremonia que congreg\u00f3 a l\u00edderes pol\u00edticos y sociales, Movimiento Ciudadano Tlaxcala inaugur\u00f3 oficialmente este fin de semana la Casa Naranja en el municipio de San Pablo Apetatitl\u00e1n, un centro comunitario dise\u00f1ado para funcionar como un pilar de apoyo social mediante la prestaci\u00f3n de servicios profesionales y gratuitos para sus habitantes. [&hellip;]<\/p>\n","protected":false},"author":6,"featured_media":54743,"comment_status":"open","ping_status":"open","sticky":false,"template":"","format":"standard","meta":{"footnotes":""},"categories":[3,252,247],"tags":[],"class_list":["post-54742","post","type-post","status-publish","format-standard","has-post-thumbnail","hentry","category-8-columnas","category-movimiento-ciudadano","category-politica"],"amp_enabled":true,"_links":{"self":[{"href":"https:\/\/labestiapolitica.com.mx\/index.php?rest_route=\/wp\/v2\/posts\/54742","targetHints":{"allow":["GET"]}}],"collection":[{"href":"https:\/\/labestiapolitica.com.mx\/index.php?rest_route=\/wp\/v2\/posts"}],"about":[{"href":"https:\/\/labestiapolitica.com.mx\/index.php?rest_route=\/wp\/v2\/types\/post"}],"author":[{"embeddable":true,"href":"https:\/\/labestiapolitica.com.mx\/index.php?rest_route=\/wp\/v2\/users\/6"}],"replies":[{"embeddable":true,"href":"https:\/\/labestiapolitica.com.mx\/index.php?rest_route=%2Fwp%2Fv2%2Fcomments&post=54742"}],"version-history":[{"count":2,"href":"https:\/\/labestiapolitica.com.mx\/index.php?rest_route=\/wp\/v2\/posts\/54742\/revisions"}],"predecessor-version":[{"id":54745,"href":"https:\/\/labestiapolitica.com.mx\/index.php?rest_route=\/wp\/v2\/posts\/54742\/revisions\/54745"}],"wp:featuredmedia":[{"embeddable":true,"href":"https:\/\/labestiapolitica.com.mx\/index.php?rest_route=\/wp\/v2\/media\/54743"}],"wp:attachment":[{"href":"https:\/\/labestiapolitica.com.mx\/index.php?rest_route=%2Fwp%2Fv2%2Fmedia&parent=54742"}],"wp:term":[{"taxonomy":"category","embeddable":true,"href":"https:\/\/labestiapolitica.com.mx\/index.php?rest_route=%2Fwp%2Fv2%2Fcategories&post=54742"},{"taxonomy":"post_tag","embeddable":true,"href":"https:\/\/labestiapolitica.com.mx\/index.php?rest_route=%2Fwp%2Fv2%2Ftags&post=54742"}],"curies":[{"name":"wp","href":"https:\/\/api.w.org\/{rel}","templated":true}]}}