{"id":54908,"date":"2025-11-24T15:51:17","date_gmt":"2025-11-24T21:51:17","guid":{"rendered":"https:\/\/labestiapolitica.com.mx\/?p=54908"},"modified":"2025-11-24T15:51:17","modified_gmt":"2025-11-24T21:51:17","slug":"uatx-y-secretaria-del-bienestar-firman-convenio-de-colaboracion-para-servicio-social-y-practicas-profesionales","status":"publish","type":"post","link":"https:\/\/labestiapolitica.com.mx\/?p=54908","title":{"rendered":"UATx y Secretar\u00eda del Bienestar firman convenio de colaboraci\u00f3n para servicio social y pr\u00e1cticas profesionales."},"content":{"rendered":"<ul>\n<li style=\"font-weight: 400; text-align: justify;\">Estos acuerdos permiten la vinculaci\u00f3n de los educandos y reafirman el compromiso \u00e9tico de la universidad p\u00fablica: Rector<\/li>\n<\/ul>\n<p style=\"font-weight: 400; text-align: justify;\">La Universidad Aut\u00f3noma de Tlaxcala (UATx) y la Secretar\u00eda del Bienestar del Estado de Tlaxcala formalizaron un convenio de colaboraci\u00f3n para que estudiantes de la Facultad de Derecho, Ciencias Pol\u00edticas y Criminolog\u00eda (FDCPyC) realicen su servicio social y pr\u00e1cticas profesionales en esta dependencia.<\/p>\n<p style=\"font-weight: 400; text-align: justify;\">El Doctor Seraf\u00edn Ortiz Ortiz, Rector de la UATx, y la Maestra Mar\u00eda Estela \u00c1lvarez Corona, Titular de la Secretar\u00eda del Bienestar del Estado de Tlaxcala, concretaron esta nueva alianza en la Sala de Juntas de la Rector\u00eda.<\/p>\n<p style=\"font-weight: 400; text-align: justify;\">Aqu\u00ed, el Doctor Seraf\u00edn Ortiz destac\u00f3 que la UATx impulsa el Modelo Humanista Integrador basado en Capacidades (MHIC) como un modelo educativo universitario republicano para ser direccionado en la educaci\u00f3n superior p\u00fablica y privada, que sella la filosof\u00eda del humanismo con el desarrollo capacidades y la praxis profesional en sus 46 licenciaturas, y se consolida\u00a0 a trav\u00e9s del servicio social y la pr\u00e1ctica profesional, al vincularse con escenarios reales y contribuye en la atenci\u00f3n de problem\u00e1ticas sociales para fortalecer el impacto institucional de la Aut\u00f3noma de Tlaxcala en la colectividad.<\/p>\n<p style=\"font-weight: 400; text-align: justify;\">Dijo que este tipo de acuerdos permiten la vinculaci\u00f3n de los educandos y ratifican el compromiso \u00e9tico de la universidad p\u00fablica que se sostiene con los recursos del erario de los mexicanos. Por ello, agreg\u00f3, quienes realizan una profesi\u00f3n est\u00e1n obligados a impactar en el bienestar que se traduce en la justicia social.<\/p>\n<p style=\"font-weight: 400; text-align: justify;\">De igual forma, el Rector especific\u00f3 que en la actualidad mil 900 estudiantes, entre hombres y mujeres, realizan pr\u00e1cticas profesionales, y dos mil 691 prestan su servicio social en diferentes \u00e1reas del conocimiento para atender necesidades prioritarias de la entidad.<\/p>\n<p style=\"font-weight: 400; text-align: justify;\">Por \u00faltimo, subray\u00f3 que a trav\u00e9s del eje de la autorrealizaci\u00f3n los educandos logran sus metas profesionales, con una proyecci\u00f3n social para transformar su entorno y en esta ruta se tiene la expectativa de que los estudiantes en servicio social y pr\u00e1cticas profesionales se autorrealicen sirviendo a su comunidad.<\/p>\n<p style=\"font-weight: 400; text-align: justify;\">A su vez, la Maestra Mar\u00eda Estela \u00c1lvarez, con la representaci\u00f3n de la Licenciada Fernanda Espinosa de los Monteros Cu\u00e9llar, Presidenta Honor\u00edfica del Comit\u00e9 Consultivo de Bienestar y Desarrollo Social, afirm\u00f3 que este convenio abre la puerta para que los estudiantes se involucren y se conviertan en parte activa del trabajo social que se efect\u00faa en la entidad, y es una invitaci\u00f3n directa para que la juventud ponga en pr\u00e1ctica sus conocimientos y se sume a las acciones que se impulsan desde el Gobierno del Estado, para atender a quienes m\u00e1s lo necesitan, es decir, a las familias en situaci\u00f3n de vulnerabilidad, personas con discapacidad, y nuestros pueblos y comunidades ind\u00edgenas.<\/p>\n<p style=\"font-weight: 400; text-align: justify;\">Recalc\u00f3 que es importante que los j\u00f3venes vivan de cerca la realidad, que aprendan desde la experiencia y descubran el valor de servir y constaten que con su talento pueden transformar vidas, adem\u00e1s, podr\u00e1n aportar ideas, energ\u00eda, sensibilidad y nuevas maneras de ver el mundo, porque sabemos que Tlaxcala necesita profesionistas con sentido humano.<\/p>\n<p style=\"font-weight: 400; text-align: justify;\">Este acto cont\u00f3 con la presencia de la Doctora N\u00e9lyda Romano Carro, Coordinadora General de Servicio Social; del Maestro Rodolfo Leonardo Ortiz Gallardo, Director de la FDCPyC; funcionarios de la Secretar\u00eda del Bienestar; y coordinadores de Licenciatura de \u00a0la FDCPyC.<\/p>\n","protected":false},"excerpt":{"rendered":"<p>Estos acuerdos permiten la vinculaci\u00f3n de los educandos y reafirman el compromiso \u00e9tico de la universidad p\u00fablica: Rector La Universidad Aut\u00f3noma de Tlaxcala (UATx) y la Secretar\u00eda del Bienestar del Estado de Tlaxcala formalizaron un convenio de colaboraci\u00f3n para que estudiantes de la Facultad de Derecho, Ciencias Pol\u00edticas y Criminolog\u00eda (FDCPyC) realicen su servicio social [&hellip;]<\/p>\n","protected":false},"author":3,"featured_media":54909,"comment_status":"open","ping_status":"open","sticky":false,"template":"","format":"standard","meta":{"footnotes":""},"categories":[213,241],"tags":[],"class_list":["post-54908","post","type-post","status-publish","format-standard","has-post-thumbnail","hentry","category-educacion","category-uatx"],"amp_enabled":true,"_links":{"self":[{"href":"https:\/\/labestiapolitica.com.mx\/index.php?rest_route=\/wp\/v2\/posts\/54908","targetHints":{"allow":["GET"]}}],"collection":[{"href":"https:\/\/labestiapolitica.com.mx\/index.php?rest_route=\/wp\/v2\/posts"}],"about":[{"href":"https:\/\/labestiapolitica.com.mx\/index.php?rest_route=\/wp\/v2\/types\/post"}],"author":[{"embeddable":true,"href":"https:\/\/labestiapolitica.com.mx\/index.php?rest_route=\/wp\/v2\/users\/3"}],"replies":[{"embeddable":true,"href":"https:\/\/labestiapolitica.com.mx\/index.php?rest_route=%2Fwp%2Fv2%2Fcomments&post=54908"}],"version-history":[{"count":1,"href":"https:\/\/labestiapolitica.com.mx\/index.php?rest_route=\/wp\/v2\/posts\/54908\/revisions"}],"predecessor-version":[{"id":54910,"href":"https:\/\/labestiapolitica.com.mx\/index.php?rest_route=\/wp\/v2\/posts\/54908\/revisions\/54910"}],"wp:featuredmedia":[{"embeddable":true,"href":"https:\/\/labestiapolitica.com.mx\/index.php?rest_route=\/wp\/v2\/media\/54909"}],"wp:attachment":[{"href":"https:\/\/labestiapolitica.com.mx\/index.php?rest_route=%2Fwp%2Fv2%2Fmedia&parent=54908"}],"wp:term":[{"taxonomy":"category","embeddable":true,"href":"https:\/\/labestiapolitica.com.mx\/index.php?rest_route=%2Fwp%2Fv2%2Fcategories&post=54908"},{"taxonomy":"post_tag","embeddable":true,"href":"https:\/\/labestiapolitica.com.mx\/index.php?rest_route=%2Fwp%2Fv2%2Ftags&post=54908"}],"curies":[{"name":"wp","href":"https:\/\/api.w.org\/{rel}","templated":true}]}}