{"id":54951,"date":"2025-11-25T08:04:50","date_gmt":"2025-11-25T14:04:50","guid":{"rendered":"https:\/\/labestiapolitica.com.mx\/?p=54951"},"modified":"2025-11-25T08:04:50","modified_gmt":"2025-11-25T14:04:50","slug":"25n-una-realidad-que-parece-ficcion","status":"publish","type":"post","link":"https:\/\/labestiapolitica.com.mx\/?p=54951","title":{"rendered":"25N\u2026 Una realidad que parece ficci\u00f3n"},"content":{"rendered":"<p class=\"p1\"><span class=\"s1\">LA COTIDIANIDAD DE LAS MUJERES<\/span><\/p>\n<p class=\"p1\"><span class=\"s1\">Por Elsa Cordero Mart\u00ednez<\/span><\/p>\n<p class=\"p1\" style=\"text-align: justify;\"><span class=\"s1\"><br \/>\n<\/span>Parecen historias de terror, pero no lo son, son historias verdaderas de personas de carne y hueso que viven desafortunadamente d\u00eda a d\u00eda, cientos y miles de mujeres mexicanas.<\/p>\n<p class=\"p1\"><span class=\"s2\">\u00a0<\/span><\/p>\n<p class=\"p1\" style=\"text-align: justify;\"><span class=\"s2\">Me refiero a la violencia de g\u00e9nero, la violencia dom\u00e9stica, que se lleva a cabo en el lugar que deber\u00eda ser el m\u00e1s seguro para cualquier persona, el hogar, la casa.<\/span><\/p>\n<p class=\"p1\"><span class=\"s2\">\u00a0<\/span><\/p>\n<p class=\"p1\" style=\"text-align: justify;\"><span class=\"s2\">Muchas mujeres viven a diario pesadillas que se vuelven realidad, al recibir golpes, humillaciones, amenazas, celos, violencia que empieza en peque\u00f1a escala y que tiende a aumentar; violencia que se normaliza, porque es la historia de siempre, la historia de generaciones, la historia de la madre, de la abuela, la historia de nuestra sociedad.<\/span><\/p>\n<p class=\"p1\"><span class=\"s2\">\u00a0<\/span><\/p>\n<p class=\"p1\" style=\"text-align: justify;\"><span class=\"s2\">Abordar este tipo de violencia, requiere entender, \u201cdesestructurar\u201d, dejar de normalizar, advertir, visualizar, entender, sensibilizar y actuar.<\/span><\/p>\n<p class=\"p1\"><span class=\"s2\">\u00a0<\/span><\/p>\n<p class=\"p1\" style=\"text-align: justify;\"><span class=\"s2\">La <\/span><span class=\"s1\">cotidianidad de las mujeres<\/span><span class=\"s2\"> es un espacio para brindar informaci\u00f3n de utilidad sobre los retos que tenemos las mujeres para ser efectivos nuestros derechos, hoy a prop\u00f3sito de la fecha, Dia Naranja en la que se unen \u00a0esfuerzos internacionales para erradicar la violencia contra las mujeres, es importante dar a conocer los mecanismos institucionales que tienen las mujeres que enfrentan violencia de pareja y en su casa.<\/span><\/p>\n<p class=\"p1\"><span class=\"s2\">\u00a0<\/span><\/p>\n<p class=\"p1\" style=\"text-align: justify;\"><span class=\"s2\">Esta historia podr\u00eda parecer lejana, pero es m\u00e1s cercana de lo que se cree. Conocemos a personas que padecen esta violencia. tal vez est\u00e1 en nuestra familia, en nuestro c\u00edrculo cercano, en nuestro vecindario, en nuestra comunidad. Muchas callan por miedo, por amenaza o incluso por pena y culpa. Culturalmente creen que no es para tanto, que la pareja va a cambiar, o que el amor lo aguanta y cura todo, pero no es as\u00ed.<\/span><\/p>\n<p class=\"p1\"><span class=\"s2\">\u00a0<\/span><\/p>\n<p class=\"p1\" style=\"text-align: justify;\"><span class=\"s2\">Las estructuras de poder y de la sociedad patriarcal, no est\u00e1n dispuestas a ceder de manera f\u00e1cil, por eso todav\u00eda encontramos tantos obst\u00e1culos para enfrentar esta violencia, por eso tanta resistencia y cr\u00edtica.<\/span><\/p>\n<p class=\"p1\"><span class=\"s2\">\u00a0<\/span><\/p>\n<p class=\"p1\" style=\"text-align: justify;\"><span class=\"s2\">Hoy se han reforzado dos mecanismos importantes, pero por desfortuna desconocidos o mal comprendidos como son las <\/span><span class=\"s1\">medidas y \u00f3rdenes de protecci\u00f3n.<\/span><\/p>\n<p class=\"p1\" style=\"text-align: justify;\"><span class=\"s2\">La Ley General de Acceso de las Mujeres a una Vida Libre de Violencia los define como:<\/span><\/p>\n<p class=\"p3\" style=\"text-align: justify;\"><span class=\"s3\">\u201c\u2026actos de urgente aplicaci\u00f3n, en funci\u00f3n del inter\u00e9s superior de la v\u00edctima; son fundamentalmente precautorias y cautelares, deber\u00e1n otorgarse de oficio o a petici\u00f3n de parte, por las autoridades administrativas, el Ministerio P\u00fablico o por los \u00f3rganos jurisdiccionales competentes, en el momento en que tengan conocimiento del hecho de violencia presuntamente constitutivo de un delito o infracci\u00f3n, que ponga en riesgo la integridad, la libertad o la vida de las mujeres, adolescentes, ni\u00f1as y ni\u00f1os, evitando en todo momento que la persona agresora, directamente o a trav\u00e9s de alg\u00fan tercero, tenga contacto de cualquier tipo o medio con la v\u00edctima. &#8212; Tienen como prop\u00f3sito prevenir o hacer cesar un acto de violencia, o impedir la comisi\u00f3n de un nuevo acto de violencia o delito.\u201d<\/span><\/p>\n<p class=\"p1\" style=\"text-align: justify;\"><span class=\"s2\">Tambi\u00e9n las encontramos en el C\u00f3digo Nacional de Procedimientos Civiles y Familiares, normatividad que incluso ordena ajustes especiales cuando se est\u00e1 ante casos de violencia contra las mujeres o violencia de g\u00e9nero.<\/span><\/p>\n<p class=\"p1\" style=\"text-align: justify;\"><span class=\"s2\">Entender este procedimiento \u201csui generis\u201d, independiente y de m\u00ednimo \u00e9standar probatorio, de forma indispensable amerita que la autoridad que tiene la facultad de otorgarlas conozca y distinga los diversos tipos y modalidades de violencia, comprenda lo que es y los alcances de la violencia de g\u00e9nero, sepa aplicar el m\u00e9todo para incorporar perspectiva de g\u00e9nero y de infancias (si hay ni\u00f1os, ni\u00f1as y adolescentes), realice un an\u00e1lisis de riesgo y rompa el esquema tradicional de una solicitud a trav\u00e9s de una demanda, y todo un proceso de diversas etapas con altas exigencias probatorias.<\/span><\/p>\n<p class=\"p1\" style=\"text-align: justify;\"><span class=\"s2\">Dos conceptos fundamentales para comprender la magnitud de las medidas y \u00f3rdenes de protecci\u00f3n son <\/span><span class=\"s1\">violencia<\/span><span class=\"s2\"> y <\/span><span class=\"s1\">urgencia<\/span><span class=\"s2\">, pues en otorgarla o negarlas puede ir de por medio la integridad o incluso la vida de una mujer.<\/span><\/p>\n<p class=\"p1\" style=\"text-align: justify;\"><span class=\"s2\">Los plazos para dar respuesta a una solicitud que carece de cualquier tipo de formalismo, es s\u00f3lo de 4 horas en el caso de la ley y de 24 horas en el caso de la nueva codificaci\u00f3n procesal familiar.<\/span><\/p>\n<p class=\"p1\" style=\"text-align: justify;\"><span class=\"s2\">Estos mecanismos de urgente aplicaci\u00f3n tienen vida jur\u00eddica desde hace muchos a\u00f1os ya, han sido reformados en diversas ocasiones, para lograr hacerlos efectivos y eficaces, pues por mucho tiempo y -aunque exist\u00edan en ley- no se aplicaban. Hoy las nuevas codificaciones procesales familiares y penales, vinculan y obligan a las autoridades jurisdiccionales para que cuando conozcan de un caso donde hay violencia contra la mujer o violencia de g\u00e9nero, tomen las medidas pertinentes e incluso hagan uso de m\u00e1s hip\u00f3tesis de las que trae la propia codificaci\u00f3n, seg\u00fan la materia, para aplicar todas las posibilidades que da la Ley General de Acceso de las Mujeres a una Vida Libre de Violencia.<\/span><\/p>\n<p class=\"p1\" style=\"text-align: justify;\"><span class=\"s2\">Cada entidad federativa, si bien se somete a las determinaciones de la Ley General y de los c\u00f3digos procesales, tiene sus propias cualidades, por cuanto hace a las autoridades administrativas, por lo que es muy importante que todas las autoridades que tienen competencia o \u00a0son primeros respondientes tengan capacitaci\u00f3n sobre estos mecanismos especiales.<\/span><\/p>\n<p class=\"p1\" style=\"text-align: justify;\"><span class=\"s2\">Hoy que se conmemora el D\u00eda Internacional para Erradicar la Violencia contra las Mujeres parece \u00a0propicio reflexionar sobre la gran posibilidad que tienen en sus manos las autoridades jurisdiccionales y administrativas para proteger, sin ninguna exigencia formal, bajo un procedimiento r\u00e1pido y efectivo a las mujeres cuya vida, integridad o seguridad peligra y un mecanismo dise\u00f1ado espec\u00edficamente para enfrentar la violencia contra las mujeres que lo necesitan y sobre el que deben recibir una respuesta inmediata, siendo \u00fatil que lo conozcan.<\/span><\/p>\n<p class=\"p1\" style=\"text-align: justify;\"><span class=\"s1\">Queremos cotidiano<\/span><span class=\"s2\"> un mundo unido en esfuerzos para desarrollar todas aquellas acciones que sean necesarias, tendentes a erradicar la violencia que vivimos las mujeres, queremos un mundo pintado de naranja, <\/span><span class=\"s1\">eso lo queremos cotidiano<\/span><span class=\"s2\">.<\/span><\/p>\n","protected":false},"excerpt":{"rendered":"<p>LA COTIDIANIDAD DE LAS MUJERES Por Elsa Cordero Mart\u00ednez Parecen historias de terror, pero no lo son, son historias verdaderas de personas de carne y hueso que viven desafortunadamente d\u00eda a d\u00eda, cientos y miles de mujeres mexicanas. \u00a0 Me refiero a la violencia de g\u00e9nero, la violencia dom\u00e9stica, que se lleva a cabo en [&hellip;]<\/p>\n","protected":false},"author":3,"featured_media":54953,"comment_status":"open","ping_status":"open","sticky":false,"template":"","format":"standard","meta":{"footnotes":""},"categories":[6],"tags":[],"class_list":["post-54951","post","type-post","status-publish","format-standard","has-post-thumbnail","hentry","category-opinion"],"amp_enabled":true,"_links":{"self":[{"href":"https:\/\/labestiapolitica.com.mx\/index.php?rest_route=\/wp\/v2\/posts\/54951","targetHints":{"allow":["GET"]}}],"collection":[{"href":"https:\/\/labestiapolitica.com.mx\/index.php?rest_route=\/wp\/v2\/posts"}],"about":[{"href":"https:\/\/labestiapolitica.com.mx\/index.php?rest_route=\/wp\/v2\/types\/post"}],"author":[{"embeddable":true,"href":"https:\/\/labestiapolitica.com.mx\/index.php?rest_route=\/wp\/v2\/users\/3"}],"replies":[{"embeddable":true,"href":"https:\/\/labestiapolitica.com.mx\/index.php?rest_route=%2Fwp%2Fv2%2Fcomments&post=54951"}],"version-history":[{"count":2,"href":"https:\/\/labestiapolitica.com.mx\/index.php?rest_route=\/wp\/v2\/posts\/54951\/revisions"}],"predecessor-version":[{"id":54954,"href":"https:\/\/labestiapolitica.com.mx\/index.php?rest_route=\/wp\/v2\/posts\/54951\/revisions\/54954"}],"wp:featuredmedia":[{"embeddable":true,"href":"https:\/\/labestiapolitica.com.mx\/index.php?rest_route=\/wp\/v2\/media\/54953"}],"wp:attachment":[{"href":"https:\/\/labestiapolitica.com.mx\/index.php?rest_route=%2Fwp%2Fv2%2Fmedia&parent=54951"}],"wp:term":[{"taxonomy":"category","embeddable":true,"href":"https:\/\/labestiapolitica.com.mx\/index.php?rest_route=%2Fwp%2Fv2%2Fcategories&post=54951"},{"taxonomy":"post_tag","embeddable":true,"href":"https:\/\/labestiapolitica.com.mx\/index.php?rest_route=%2Fwp%2Fv2%2Ftags&post=54951"}],"curies":[{"name":"wp","href":"https:\/\/api.w.org\/{rel}","templated":true}]}}