{"id":55059,"date":"2025-11-26T10:44:20","date_gmt":"2025-11-26T16:44:20","guid":{"rendered":"https:\/\/labestiapolitica.com.mx\/?p=55059"},"modified":"2025-11-26T10:44:20","modified_gmt":"2025-11-26T16:44:20","slug":"zacatelco-reafirma-su-compromiso-para-erradicar-la-violencia-contra-las-mujeres-en-el-foro-mujeres-destacadas%f0%9f%91%a9%f0%9f%8f%bc%f0%9f%91%a7%f0%9f%8f%bb%f0%9f%92%ab","status":"publish","type":"post","link":"https:\/\/labestiapolitica.com.mx\/?p=55059","title":{"rendered":"Zacatelco reafirma su compromiso para erradicar la violencia contra las mujeres en el Foro \u201cMujeres Destacadas\u201d\ud83d\udc69\ud83c\udffc\ud83d\udc67\ud83c\udffb\ud83d\udcab"},"content":{"rendered":"<p style=\"text-align: justify;\" data-start=\"262\" data-end=\"562\">En el marco del D\u00eda Internacional para la Eliminaci\u00f3n de la Violencia contra la Mujer, el Gobierno Municipal de Zacatelco llev\u00f3 a cabo el Foro \u201cMujeres Destacadas\u201d, un evento dedicado a la reflexi\u00f3n, el reconocimiento y el fortalecimiento de acciones para prevenir y erradicar la violencia de g\u00e9nero.<\/p>\n<p style=\"text-align: justify;\" data-start=\"564\" data-end=\"915\">Durante su mensaje, el presidente municipal Jos\u00e9 Miguel Acatzi Luna subray\u00f3 la urgencia de sumar esfuerzos entre ciudadan\u00eda y autoridades para combatir cualquier forma de violencia hacia las mujeres. Se\u00f1al\u00f3 que, pese a los avances tecnol\u00f3gicos y sociales, persisten conductas que representan un retroceso en materia de igualdad, respeto y convivencia.<\/p>\n<p style=\"text-align: justify;\" data-start=\"917\" data-end=\"1245\">Acatzi Luna expres\u00f3 su preocupaci\u00f3n por el aumento de la violencia digital, la cual afecta de manera creciente a mujeres a trav\u00e9s de perfiles falsos, acoso en redes sociales y comentarios que da\u00f1an su integridad. \u201cUna mujer debe sentirse libre, tranquila y orgullosa de ser quien es, sin miedo a ser juzgada o agredida\u201d, afirm\u00f3.<\/p>\n<p style=\"text-align: justify;\" data-start=\"1247\" data-end=\"1735\">El alcalde destac\u00f3 tambi\u00e9n la necesidad de desnormalizar pr\u00e1cticas de violencia cotidiana e impulsar desde el hogar, las escuelas y los centros de trabajo una cultura de respeto y equidad. En el acto, se reconoci\u00f3 el talento, trayectoria y aportaciones de mujeres zacatelquenses como Eugenia Navarros, Paola Olver P\u00e9rez, Lorena Guti\u00e9rrez Arenas, Guadalupe Xicoht\u00e9ncatl Tuxpan, Diana Vela Garc\u00eda y Mesha Vigilia Gonz\u00e1lez, quienes compartieron experiencias de vida, resiliencia y liderazgo.<\/p>\n<p style=\"text-align: justify;\" data-start=\"1737\" data-end=\"2099\">En su intervenci\u00f3n, Lili Portillo, titular del Instituto Municipal de la Mujer, enfatiz\u00f3 que el IMMUJER es un espacio seguro para todas las zacatelquenses. Record\u00f3 que muchas historias de \u00e9xito han surgido del acompa\u00f1amiento brindado por el instituto e invit\u00f3 a no callar ante la violencia: \u201cTenemos dos opciones: callar o hablar. Hoy decidimos hablar\u201d, expres\u00f3.<\/p>\n<p style=\"text-align: justify;\" data-start=\"2101\" data-end=\"2375\">Portillo destac\u00f3 que la campa\u00f1a del D\u00eda Naranja simboliza la esperanza y el compromiso por construir un futuro libre de violencia. \u201cEl naranja representa el amanecer de un mundo mejor. Que este d\u00eda sea un recordatorio para movilizarnos y generar cambios reales\u201d, puntualiz\u00f3.<\/p>\n<p style=\"text-align: justify;\" data-start=\"2377\" data-end=\"2587\">El evento concluy\u00f3 con un llamado colectivo a mantener acciones permanentes que garanticen a las mujeres una vida libre de violencia, reforzando el compromiso del municipio con la igualdad y la justicia social.<\/p>\n<p data-start=\"2377\" data-end=\"2587\"><img loading=\"lazy\" decoding=\"async\" class=\"alignnone size-full wp-image-55061\" src=\"https:\/\/labestiapolitica.com.mx\/wp-content\/uploads\/2025\/11\/WhatsApp-Image-2025-11-26-at-10.14.49-AM-1.jpeg\" alt=\"\" width=\"1315\" height=\"1080\" srcset=\"https:\/\/labestiapolitica.com.mx\/wp-content\/uploads\/2025\/11\/WhatsApp-Image-2025-11-26-at-10.14.49-AM-1.jpeg 1315w, https:\/\/labestiapolitica.com.mx\/wp-content\/uploads\/2025\/11\/WhatsApp-Image-2025-11-26-at-10.14.49-AM-1-300x246.jpeg 300w, https:\/\/labestiapolitica.com.mx\/wp-content\/uploads\/2025\/11\/WhatsApp-Image-2025-11-26-at-10.14.49-AM-1-1024x841.jpeg 1024w, https:\/\/labestiapolitica.com.mx\/wp-content\/uploads\/2025\/11\/WhatsApp-Image-2025-11-26-at-10.14.49-AM-1-768x631.jpeg 768w\" sizes=\"auto, (max-width: 1315px) 100vw, 1315px\" \/> <img loading=\"lazy\" decoding=\"async\" class=\"alignnone size-full wp-image-55062\" src=\"https:\/\/labestiapolitica.com.mx\/wp-content\/uploads\/2025\/11\/WhatsApp-Image-2025-11-26-at-10.14.49-AM-2.jpeg\" alt=\"\" width=\"1616\" height=\"1080\" srcset=\"https:\/\/labestiapolitica.com.mx\/wp-content\/uploads\/2025\/11\/WhatsApp-Image-2025-11-26-at-10.14.49-AM-2.jpeg 1616w, https:\/\/labestiapolitica.com.mx\/wp-content\/uploads\/2025\/11\/WhatsApp-Image-2025-11-26-at-10.14.49-AM-2-300x200.jpeg 300w, https:\/\/labestiapolitica.com.mx\/wp-content\/uploads\/2025\/11\/WhatsApp-Image-2025-11-26-at-10.14.49-AM-2-1024x684.jpeg 1024w, https:\/\/labestiapolitica.com.mx\/wp-content\/uploads\/2025\/11\/WhatsApp-Image-2025-11-26-at-10.14.49-AM-2-768x513.jpeg 768w, https:\/\/labestiapolitica.com.mx\/wp-content\/uploads\/2025\/11\/WhatsApp-Image-2025-11-26-at-10.14.49-AM-2-1536x1027.jpeg 1536w\" sizes=\"auto, (max-width: 1616px) 100vw, 1616px\" \/><\/p>\n","protected":false},"excerpt":{"rendered":"<p>En el marco del D\u00eda Internacional para la Eliminaci\u00f3n de la Violencia contra la Mujer, el Gobierno Municipal de Zacatelco llev\u00f3 a cabo el Foro \u201cMujeres Destacadas\u201d, un evento dedicado a la reflexi\u00f3n, el reconocimiento y el fortalecimiento de acciones para prevenir y erradicar la violencia de g\u00e9nero. Durante su mensaje, el presidente municipal Jos\u00e9 [&hellip;]<\/p>\n","protected":false},"author":3,"featured_media":55060,"comment_status":"open","ping_status":"open","sticky":false,"template":"","format":"standard","meta":{"footnotes":""},"categories":[217],"tags":[],"class_list":["post-55059","post","type-post","status-publish","format-standard","has-post-thumbnail","hentry","category-zacatelco"],"amp_enabled":true,"_links":{"self":[{"href":"https:\/\/labestiapolitica.com.mx\/index.php?rest_route=\/wp\/v2\/posts\/55059","targetHints":{"allow":["GET"]}}],"collection":[{"href":"https:\/\/labestiapolitica.com.mx\/index.php?rest_route=\/wp\/v2\/posts"}],"about":[{"href":"https:\/\/labestiapolitica.com.mx\/index.php?rest_route=\/wp\/v2\/types\/post"}],"author":[{"embeddable":true,"href":"https:\/\/labestiapolitica.com.mx\/index.php?rest_route=\/wp\/v2\/users\/3"}],"replies":[{"embeddable":true,"href":"https:\/\/labestiapolitica.com.mx\/index.php?rest_route=%2Fwp%2Fv2%2Fcomments&post=55059"}],"version-history":[{"count":1,"href":"https:\/\/labestiapolitica.com.mx\/index.php?rest_route=\/wp\/v2\/posts\/55059\/revisions"}],"predecessor-version":[{"id":55063,"href":"https:\/\/labestiapolitica.com.mx\/index.php?rest_route=\/wp\/v2\/posts\/55059\/revisions\/55063"}],"wp:featuredmedia":[{"embeddable":true,"href":"https:\/\/labestiapolitica.com.mx\/index.php?rest_route=\/wp\/v2\/media\/55060"}],"wp:attachment":[{"href":"https:\/\/labestiapolitica.com.mx\/index.php?rest_route=%2Fwp%2Fv2%2Fmedia&parent=55059"}],"wp:term":[{"taxonomy":"category","embeddable":true,"href":"https:\/\/labestiapolitica.com.mx\/index.php?rest_route=%2Fwp%2Fv2%2Fcategories&post=55059"},{"taxonomy":"post_tag","embeddable":true,"href":"https:\/\/labestiapolitica.com.mx\/index.php?rest_route=%2Fwp%2Fv2%2Ftags&post=55059"}],"curies":[{"name":"wp","href":"https:\/\/api.w.org\/{rel}","templated":true}]}}