{"id":55064,"date":"2025-11-26T11:14:16","date_gmt":"2025-11-26T17:14:16","guid":{"rendered":"https:\/\/labestiapolitica.com.mx\/?p=55064"},"modified":"2025-11-26T11:23:08","modified_gmt":"2025-11-26T17:23:08","slug":"deshojando-el-cempaxuchil","status":"publish","type":"post","link":"https:\/\/labestiapolitica.com.mx\/?p=55064","title":{"rendered":"Deshojando el Cempax\u00fachil"},"content":{"rendered":"<p data-start=\"135\" data-end=\"197\"><strong data-start=\"135\" data-end=\"159\">Por Susana Fern\u00e1ndez<\/strong><br data-start=\"159\" data-end=\"162\" \/>Columna \u2013 26 de noviembre de 2025<\/p>\n<p data-start=\"199\" data-end=\"481\">El campo mexicano est\u00e1 al l\u00edmite.<br data-start=\"232\" data-end=\"235\" \/>Los campesinos no solo enfrentan la inseguridad en las carreteras \u2014donde, denuncian, cada d\u00eda asesinan a decenas por robarles camiones y mercanc\u00edas\u2014, tambi\u00e9n cargan con un modelo econ\u00f3mico que los condena a perder dinero por producir alimentos.<\/p>\n<p data-start=\"483\" data-end=\"755\">Por cada tonelada de ma\u00edz, muchos pierden alrededor de mil pesos. A cambio, algunos gobiernos estatales ofrecen \u201capoyos\u201d de 150 pesos por tonelada, casi como una burla. Y mientras tanto, pocos se preguntan qu\u00e9 pasar\u00e1 cuando las nuevas generaciones ya no quieran sembrar.<\/p>\n<p data-start=\"757\" data-end=\"1117\">Los j\u00f3venes ya no ven el campo como un proyecto de vida: es una actividad pesada, mal pagada, sin certezas. Prefieren buscar un t\u00edtulo universitario y evitar el desgaste que vivieron sus padres y abuelos. Pero esas generaciones campesinas se est\u00e1n extinguiendo, y con ellas se va tambi\u00e9n una tradici\u00f3n centenaria: la del ma\u00edz como coraz\u00f3n de nuestra cultura.<\/p>\n<p data-start=\"1119\" data-end=\"1496\">No quiero imaginar a M\u00e9xico sin ma\u00edz\u2026 sin tortillas en la mesa.<br data-start=\"1182\" data-end=\"1185\" \/>Tlaxcala podr\u00eda dar un paso al frente. Lorena Cu\u00e9llar bien podr\u00eda recuperar parte de su popularidad si se atreviera a impulsar un precio de ma\u00edz verdaderamente justo, acorde al costo real de producci\u00f3n. Hoy, en cambio, tenemos un campo paralizado, carreteras bloqueadas y la amenaza de que los bloqueos sigan.<\/p>\n<p data-start=\"1498\" data-end=\"1802\">Tambi\u00e9n es tiempo de que Claudia Sheinbaum asuma plenamente el costo pol\u00edtico de gobernar. No se puede seguir recortando donde m\u00e1s duele para compensar gastos absurdos heredados del sexenio de L\u00f3pez Obrador. Ya basta de donaciones y gestos \u201csolidarios\u201d hacia otros pa\u00edses mientras aqu\u00ed el campo truena.<\/p>\n<p data-start=\"1804\" data-end=\"2177\">\u00bfDe verdad no alcanza con lo que ya est\u00e1 presupuestado?<br data-start=\"1859\" data-end=\"1862\" \/>\u00bfPor qu\u00e9 no empezar por bajar los sueldos de diputados, senadores y de esos \u201cde siempre\u201d que todos conocemos, como Ad\u00e1n Augusto, o revisar a fondo las fortunas de los hijos de L\u00f3pez Obrador, de Noro\u00f1a y compa\u00f1\u00eda? A estas alturas ni pudor tienen: no les incomoda exhibir sus riquezas frente al famoso \u201cpueblo bueno\u201d.<\/p>\n<hr data-start=\"2179\" data-end=\"2182\" \/>\n<h3 data-start=\"2184\" data-end=\"2227\">TLAXCALITA LA BELLA, HERIDAS ABIERTAS<\/h3>\n<p data-start=\"2229\" data-end=\"2464\">El paro nacional convocado por el sector agr\u00edcola y transportista se siente fuerte en Tlaxcala. Este lunes se bloquearon puntos clave en Nanacamilpa, Calpulalpan, Tlaxco y Cuapiaxtla, adem\u00e1s del Arco Norte a la altura de Nanacamilpa.<\/p>\n<p data-start=\"2466\" data-end=\"2780\">Aunque el movimiento se mantiene pac\u00edfico y con presencia de la Guardia Nacional, un representante del Frente Nacional para el Rescate del Campo Mexicano denunci\u00f3 amenazas por parte del estado. Aun as\u00ed, insisti\u00f3 en que no van a detener la lucha porque se trata, dijo, de un tema de <em data-start=\"2748\" data-end=\"2763\">sobrevivencia<\/em> para el campo.<\/p>\n<p data-start=\"2782\" data-end=\"3135\">Aclararon que no est\u00e1n pidiendo subsidios, sino <strong data-start=\"2830\" data-end=\"2848\">precios justos<\/strong> para los granos b\u00e1sicos. Se\u00f1alan la enorme brecha entre lo que se paga al productor y lo que el consumidor final desembolsa en la tienda.<br data-start=\"2986\" data-end=\"2989\" \/>Quien gana, aseguran, no es el campesino, sino el industrial. Por eso sostienen que el aumento en la canasta b\u00e1sica no tiene justificaci\u00f3n real.<\/p>\n<p data-start=\"3137\" data-end=\"3435\">Los bloqueos llegaron despu\u00e9s de m\u00faltiples mesas de di\u00e1logo fallidas. Los manifestantes denuncian que no ha habido voluntad pol\u00edtica ni humana para resolver el conflicto. Y mientras tanto, recomiendan a la poblaci\u00f3n extremar precauciones y evitar, en la medida de lo posible, las rutas afectadas.<\/p>\n<p data-start=\"3437\" data-end=\"3469\">El pliego petitorio es amplio:<\/p>\n<ul data-start=\"3470\" data-end=\"3882\">\n<li data-start=\"3470\" data-end=\"3637\">\n<p data-start=\"3472\" data-end=\"3637\"><strong data-start=\"3472\" data-end=\"3495\">Pol\u00edtica comercial:<\/strong> excluir los granos b\u00e1sicos de las reglas del T-MEC para evitar que la importaci\u00f3n de grano barato termine de quebrar al productor nacional.<\/p>\n<\/li>\n<li data-start=\"3638\" data-end=\"3757\">\n<p data-start=\"3640\" data-end=\"3757\"><strong data-start=\"3640\" data-end=\"3668\">Seguridad en carreteras:<\/strong> la ANTAC se suma para denunciar el robo de tr\u00e1ileres y la extorsi\u00f3n en v\u00edas federales.<\/p>\n<\/li>\n<li data-start=\"3758\" data-end=\"3882\">\n<p data-start=\"3760\" data-end=\"3882\"><strong data-start=\"3760\" data-end=\"3784\">Regulaci\u00f3n del agua:<\/strong> rechazo a una nueva Ley de Aguas Nacionales que consideran represiva en materia de concesiones.<\/p>\n<\/li>\n<\/ul>\n<p data-start=\"3884\" data-end=\"3967\">El paro nacional sigue indefinido. El mensaje es claro: el campo ya no aguanta m\u00e1s.<\/p>\n<hr data-start=\"3969\" data-end=\"3972\" \/>\n<h3 data-start=\"3974\" data-end=\"4010\">NOTA ROJA: VIOLENCIA SIN PAUSA<\/h3>\n<p data-start=\"4012\" data-end=\"4129\">La violencia en Tlaxcala y la regi\u00f3n se sigue documentando caso por caso, pero ya se percibe como un hilo continuo.<\/p>\n<p data-start=\"4131\" data-end=\"4382\">En San Isidro Buen Suceso, San Pablo del Monte, un ataque armado dentro de un inmueble se\u00f1alado como posible \u201cpicadero\u201d dej\u00f3 tres hombres sin vida y dos personas heridas, entre ellas una mujer invidente. Los hechos se registraron la noche del lunes.<\/p>\n<p data-start=\"4384\" data-end=\"4766\">El lugar \u2014en la calle Las Flores\u2014 ya estaba identificado como foco rojo. Seg\u00fan el reporte, al menos dos sujetos llegaron y dispararon directamente contra quienes se encontraban adentro. Param\u00e9dicos confirmaron la muerte de tres hombres; las otras dos personas fueron trasladadas al hospital. La Fiscal\u00eda investiga el caso como un presunto ajuste de cuentas ligado al narcomenudeo.<\/p>\n<p data-start=\"4768\" data-end=\"5095\">Ese mismo clima de inseguridad se respira en las carreteras. Un microb\u00fas de ATAH fue asaltado en la ruta Huamantla\u2013Apizaco. Dos hombres armados despojaron a los pasajeros de dinero, celulares y objetos personales. El chofer fue obligado a seguir su ruta hasta Apizaco, donde finalmente pudieron pedir ayuda a las autoridades.<\/p>\n<p data-start=\"5097\" data-end=\"5360\">En Contla, un joven de 17 a\u00f1os fue asaltado en la calle 20 de Febrero, Secci\u00f3n Primera La Frontera. Dos sujetos lo amenazaron con un cuchillo para quitarle su motocicleta, su casco y su celular. Otro caso m\u00e1s que se suma a la larga lista de robos con violencia.<\/p>\n<p data-start=\"5362\" data-end=\"5744\">Y en los l\u00edmites de Papalotla con Tenancingo, fue localizado el cuerpo de un hombre encobijado, con huellas de violencia y manos atadas, a un costado de la V\u00eda Corta. Los automovilistas dieron aviso al notar el cuerpo entre la maleza. La Fiscal\u00eda mantiene hermetismo sobre el caso, mientras se trata de identificar a la v\u00edctima y su posible v\u00ednculo con la delincuencia organizada.<\/p>\n<p data-start=\"5746\" data-end=\"5817\">Imparables los asesinatos. Imposible que la ciudadan\u00eda no sienta miedo.<\/p>\n<hr data-start=\"5819\" data-end=\"5822\" \/>\n<h3 data-start=\"5824\" data-end=\"5866\">\u00bfPARA QUI\u00c9N TRABAJA EL BLOQUE NEGRO?<\/h3>\n<p data-start=\"5868\" data-end=\"6150\">Desde hace por lo menos once a\u00f1os, la inteligencia civil y la Secretar\u00eda de la Defensa Nacional saben de la existencia de al menos 18 grupos anarquistas, siete de ellos catalogados como \u201cviolentos y radicales\u201d. Saben qui\u00e9nes son, d\u00f3nde operan y de qu\u00e9 actos han sido responsables.<\/p>\n<p data-start=\"6152\" data-end=\"6382\">Entonces la pregunta es inevitable:<br data-start=\"6187\" data-end=\"6190\" \/><strong data-start=\"6190\" data-end=\"6220\">\u00bfPor qu\u00e9 no van por ellos?<\/strong><br data-start=\"6220\" data-end=\"6223\" \/>\u00bfSer\u00e1 que si los detienen ya no habr\u00e1 nadie que haga el \u201ctrabajo sucio\u201d cuando convenga?<br data-start=\"6311\" data-end=\"6314\" \/>Use el sentido com\u00fan\u2026 y probablemente llegue a la misma respuesta.<\/p>\n<p data-start=\"6384\" data-end=\"6572\">No ser\u00eda extra\u00f1o que, as\u00ed como Estados Unidos presume tener ubicadas las casas de los grandes capos de la droga, tambi\u00e9n tenga bien localizados los c\u00edrculos donde se mueven estos grupos.<\/p>\n<hr data-start=\"6574\" data-end=\"6577\" \/>\n<h3 data-start=\"6579\" data-end=\"6616\">DE DULCE, DE CHILE Y DE MANTECA<\/h3>\n<p data-start=\"6618\" data-end=\"6717\">Sigue presente un tema: el famoso \u201cbloque negro\u201d y su papel en las manifestaciones m\u00e1s recientes.<\/p>\n<p data-start=\"6719\" data-end=\"6877\">Carlos Loret de Mola plantea algo que muchos piensan: la presidenta insiste en que los delitos van a la baja, pero la gente siente exactamente lo contrario.<\/p>\n<p data-start=\"6879\" data-end=\"7133\">Sheinbaum repite en la ma\u00f1anera que los homicidios han bajado 37% y que la incidencia delictiva disminuy\u00f3 46%. Sin embargo, los datos oficiales del INEGI muestran que la percepci\u00f3n de inseguridad ha subido. La gente tiene m\u00e1s miedo hoy que hace un a\u00f1o.<\/p>\n<p data-start=\"7135\" data-end=\"7235\">Hay, al menos, tres factores que explican esa ruptura entre discurso oficial y realidad cotidiana:<\/p>\n<ol data-start=\"7237\" data-end=\"8411\">\n<li data-start=\"7237\" data-end=\"7603\">\n<p data-start=\"7240\" data-end=\"7603\"><strong data-start=\"7240\" data-end=\"7288\">Desaparecidos que no cuentan en el discurso.<\/strong><br data-start=\"7288\" data-end=\"7291\" \/>Las desapariciones han aumentado alrededor de 20% en esta administraci\u00f3n. Octubre fue el mes con m\u00e1s personas desaparecidas en la historia reciente. Si no se habla del tema, si se omite el dato y se \u201coculta\u201d bajo la alfombra, es l\u00f3gico sospechar que muchos homicidios se est\u00e1n disfrazando de desapariciones.<\/p>\n<\/li>\n<li data-start=\"7605\" data-end=\"7932\">\n<p data-start=\"7608\" data-end=\"7932\"><strong data-start=\"7608\" data-end=\"7639\">Asesinatos de alto impacto.<\/strong><br data-start=\"7639\" data-end=\"7642\" \/>Casos como el del alcalde de Uruapan, que pidi\u00f3 ayuda y termin\u00f3 asesinado; colaboradores cercanos a gobiernos de Morena ejecutados a plena luz del d\u00eda; matanzas en bares y restaurantes; escuelas donde ni\u00f1os practican pecho-tierra. Todo esto pesa enormemente en la percepci\u00f3n ciudadana.<\/p>\n<\/li>\n<li data-start=\"7934\" data-end=\"8411\">\n<p data-start=\"7937\" data-end=\"8411\"><strong data-start=\"7937\" data-end=\"8003\">Discursos contra el crimen\u2026 pero tolerancia a ciertos aliados.<\/strong><br data-start=\"8003\" data-end=\"8006\" \/>\u00bfC\u00f3mo creer que se combate al crimen organizado con seriedad, si no se toca a figuras de alto perfil dentro del propio movimiento?<br data-start=\"8139\" data-end=\"8142\" \/>\u2014 Ah\u00ed sigue Ad\u00e1n Augusto L\u00f3pez, pese a los se\u00f1alamientos.<br data-start=\"8202\" data-end=\"8205\" \/>\u2014 Se mantiene intocable a personajes vinculados con redes de huachicol, lavado o pactos con c\u00e1rteles.<br data-start=\"8309\" data-end=\"8312\" \/>\u2014 Se toleran esc\u00e1ndalos de riqueza inexplicable mientras se habla de \u201causteridad republicana\u201d.<\/p>\n<\/li>\n<\/ol>\n<p data-start=\"8413\" data-end=\"8678\">No se trata de pedir que se investigue a L\u00f3pez Obrador \u2014sabemos que eso no va a ocurrir\u2014, pero s\u00ed de que se tome <strong data-start=\"8526\" data-end=\"8537\">un caso<\/strong>, uno solo, y se lleve hasta las \u00faltimas consecuencias. Eso enviar\u00eda una se\u00f1al clara de que, al menos en un expediente, no habr\u00e1 impunidad.<\/p>\n<p data-start=\"8680\" data-end=\"8830\">La ciudadan\u00eda, dicen las encuestas, aprecia a la presidenta, pero no le cree del todo. Y sin confianza, no hay estrategia de seguridad que funcione.<\/p>\n<hr data-start=\"8832\" data-end=\"8835\" \/>\n<p data-start=\"8837\" data-end=\"8896\"><strong data-start=\"8837\" data-end=\"8856\">Nuestro correo:<\/strong><br data-start=\"8856\" data-end=\"8859\" \/>\ud83d\udce9 <em data-start=\"8862\" data-end=\"8894\"><a class=\"decorated-link cursor-pointer\" rel=\"noopener\" data-start=\"8863\" data-end=\"8893\">susana_fernandez2@yahoo.com.mx<\/a><\/em><\/p>\n<p data-start=\"8837\" data-end=\"8896\"><img loading=\"lazy\" decoding=\"async\" class=\"alignnone size-full wp-image-55066\" src=\"https:\/\/labestiapolitica.com.mx\/wp-content\/uploads\/2025\/11\/megabloqueo-transpoirtistas-24-noviembre.jpg\" alt=\"\" width=\"1200\" height=\"633\" srcset=\"https:\/\/labestiapolitica.com.mx\/wp-content\/uploads\/2025\/11\/megabloqueo-transpoirtistas-24-noviembre.jpg 1200w, https:\/\/labestiapolitica.com.mx\/wp-content\/uploads\/2025\/11\/megabloqueo-transpoirtistas-24-noviembre-300x158.jpg 300w, https:\/\/labestiapolitica.com.mx\/wp-content\/uploads\/2025\/11\/megabloqueo-transpoirtistas-24-noviembre-1024x540.jpg 1024w, https:\/\/labestiapolitica.com.mx\/wp-content\/uploads\/2025\/11\/megabloqueo-transpoirtistas-24-noviembre-768x405.jpg 768w\" sizes=\"auto, (max-width: 1200px) 100vw, 1200px\" \/><\/p>\n","protected":false},"excerpt":{"rendered":"<p>Por Susana Fern\u00e1ndezColumna \u2013 26 de noviembre de 2025 El campo mexicano est\u00e1 al l\u00edmite.Los campesinos no solo enfrentan la inseguridad en las carreteras \u2014donde, denuncian, cada d\u00eda asesinan a decenas por robarles camiones y mercanc\u00edas\u2014, tambi\u00e9n cargan con un modelo econ\u00f3mico que los condena a perder dinero por producir alimentos. Por cada tonelada de [&hellip;]<\/p>\n","protected":false},"author":3,"featured_media":55070,"comment_status":"open","ping_status":"open","sticky":false,"template":"","format":"standard","meta":{"footnotes":""},"categories":[12,6],"tags":[],"class_list":["post-55064","post","type-post","status-publish","format-standard","has-post-thumbnail","hentry","category-brujula-2026","category-opinion"],"amp_enabled":true,"_links":{"self":[{"href":"https:\/\/labestiapolitica.com.mx\/index.php?rest_route=\/wp\/v2\/posts\/55064","targetHints":{"allow":["GET"]}}],"collection":[{"href":"https:\/\/labestiapolitica.com.mx\/index.php?rest_route=\/wp\/v2\/posts"}],"about":[{"href":"https:\/\/labestiapolitica.com.mx\/index.php?rest_route=\/wp\/v2\/types\/post"}],"author":[{"embeddable":true,"href":"https:\/\/labestiapolitica.com.mx\/index.php?rest_route=\/wp\/v2\/users\/3"}],"replies":[{"embeddable":true,"href":"https:\/\/labestiapolitica.com.mx\/index.php?rest_route=%2Fwp%2Fv2%2Fcomments&post=55064"}],"version-history":[{"count":2,"href":"https:\/\/labestiapolitica.com.mx\/index.php?rest_route=\/wp\/v2\/posts\/55064\/revisions"}],"predecessor-version":[{"id":55068,"href":"https:\/\/labestiapolitica.com.mx\/index.php?rest_route=\/wp\/v2\/posts\/55064\/revisions\/55068"}],"wp:featuredmedia":[{"embeddable":true,"href":"https:\/\/labestiapolitica.com.mx\/index.php?rest_route=\/wp\/v2\/media\/55070"}],"wp:attachment":[{"href":"https:\/\/labestiapolitica.com.mx\/index.php?rest_route=%2Fwp%2Fv2%2Fmedia&parent=55064"}],"wp:term":[{"taxonomy":"category","embeddable":true,"href":"https:\/\/labestiapolitica.com.mx\/index.php?rest_route=%2Fwp%2Fv2%2Fcategories&post=55064"},{"taxonomy":"post_tag","embeddable":true,"href":"https:\/\/labestiapolitica.com.mx\/index.php?rest_route=%2Fwp%2Fv2%2Ftags&post=55064"}],"curies":[{"name":"wp","href":"https:\/\/api.w.org\/{rel}","templated":true}]}}