{"id":55159,"date":"2025-11-26T15:14:40","date_gmt":"2025-11-26T21:14:40","guid":{"rendered":"https:\/\/labestiapolitica.com.mx\/?p=55159"},"modified":"2025-11-26T15:14:40","modified_gmt":"2025-11-26T21:14:40","slug":"ambientalistas-exigen-acciones-reales-para-proteger-el-parque-de-la-juventud","status":"publish","type":"post","link":"https:\/\/labestiapolitica.com.mx\/?p=55159","title":{"rendered":"Ambientalistas exigen acciones reales para proteger el Parque de la Juventud"},"content":{"rendered":"<p data-start=\"81\" data-end=\"325\">Fabiola M\u00e1rquez\/\/Colectivos, vecinos y activistas ambientales advirtieron nuevamente sobre la falta de compromiso del Gobierno del Estado en torno a la protecci\u00f3n del Parque de la Juventud, uno de los principales pulmones ecol\u00f3gicos de la capital tlaxcalteca.<\/p>\n<p data-start=\"327\" data-end=\"651\">Durante una reuni\u00f3n comunitaria, se\u00f1alaron que \u2014pese a m\u00faltiples solicitudes formales y mesas informativas\u2014 no existen acuerdos claros ni un plan integral que garantice la preservaci\u00f3n del \u00e1rea verde, lo que ha generado preocupaci\u00f3n por su futuro y por la ausencia de di\u00e1logo efectivo por parte de las autoridades estatales.<\/p>\n<p data-start=\"653\" data-end=\"1030\">Los grupos ambientalistas denunciaron que la falta de informaci\u00f3n p\u00fablica, as\u00ed como la ausencia de compromisos verificables, ha debilitado la confianza ciudadana en torno al manejo del parque. Agregaron que cualquier intervenci\u00f3n debe considerar estudios ambientales, participaci\u00f3n comunitaria y mecanismos de transparencia que permitan conocer los proyectos y su impacto real.<\/p>\n<p data-start=\"1032\" data-end=\"1266\">Las organizaciones exigieron un programa de conservaci\u00f3n s\u00f3lido, acompa\u00f1ado de acciones inmediatas de restauraci\u00f3n, seguridad y vigilancia, adem\u00e1s de la garant\u00eda de que no habr\u00e1 modificaciones que afecten la biodiversidad del espacio.<\/p>\n<p data-start=\"1268\" data-end=\"1569\">Vecinos del \u00e1rea insistieron en que el Parque de la Juventud no solo es un espacio recreativo, sino un ecosistema que contribuye a la calidad del aire, regula la temperatura y sirve como refugio para flora y fauna local. Recordaron que su defensa es un tema de inter\u00e9s p\u00fablico y no un asunto pol\u00edtico.<\/p>\n<p data-start=\"1571\" data-end=\"1766\">Con este pronunciamiento, los colectivos reiteraron que continuar\u00e1n organizados y vigilantes, dispuestos a participar en cualquier proceso que busque asegurar la protecci\u00f3n definitiva del parque.<\/p>\n","protected":false},"excerpt":{"rendered":"<p>Fabiola M\u00e1rquez\/\/Colectivos, vecinos y activistas ambientales advirtieron nuevamente sobre la falta de compromiso del Gobierno del Estado en torno a la protecci\u00f3n del Parque de la Juventud, uno de los principales pulmones ecol\u00f3gicos de la capital tlaxcalteca. Durante una reuni\u00f3n comunitaria, se\u00f1alaron que \u2014pese a m\u00faltiples solicitudes formales y mesas informativas\u2014 no existen acuerdos claros [&hellip;]<\/p>\n","protected":false},"author":3,"featured_media":55162,"comment_status":"open","ping_status":"open","sticky":false,"template":"","format":"standard","meta":{"footnotes":""},"categories":[7],"tags":[],"class_list":["post-55159","post","type-post","status-publish","format-standard","has-post-thumbnail","hentry","category-ciudadanos"],"amp_enabled":true,"_links":{"self":[{"href":"https:\/\/labestiapolitica.com.mx\/index.php?rest_route=\/wp\/v2\/posts\/55159","targetHints":{"allow":["GET"]}}],"collection":[{"href":"https:\/\/labestiapolitica.com.mx\/index.php?rest_route=\/wp\/v2\/posts"}],"about":[{"href":"https:\/\/labestiapolitica.com.mx\/index.php?rest_route=\/wp\/v2\/types\/post"}],"author":[{"embeddable":true,"href":"https:\/\/labestiapolitica.com.mx\/index.php?rest_route=\/wp\/v2\/users\/3"}],"replies":[{"embeddable":true,"href":"https:\/\/labestiapolitica.com.mx\/index.php?rest_route=%2Fwp%2Fv2%2Fcomments&post=55159"}],"version-history":[{"count":1,"href":"https:\/\/labestiapolitica.com.mx\/index.php?rest_route=\/wp\/v2\/posts\/55159\/revisions"}],"predecessor-version":[{"id":55163,"href":"https:\/\/labestiapolitica.com.mx\/index.php?rest_route=\/wp\/v2\/posts\/55159\/revisions\/55163"}],"wp:featuredmedia":[{"embeddable":true,"href":"https:\/\/labestiapolitica.com.mx\/index.php?rest_route=\/wp\/v2\/media\/55162"}],"wp:attachment":[{"href":"https:\/\/labestiapolitica.com.mx\/index.php?rest_route=%2Fwp%2Fv2%2Fmedia&parent=55159"}],"wp:term":[{"taxonomy":"category","embeddable":true,"href":"https:\/\/labestiapolitica.com.mx\/index.php?rest_route=%2Fwp%2Fv2%2Fcategories&post=55159"},{"taxonomy":"post_tag","embeddable":true,"href":"https:\/\/labestiapolitica.com.mx\/index.php?rest_route=%2Fwp%2Fv2%2Ftags&post=55159"}],"curies":[{"name":"wp","href":"https:\/\/api.w.org\/{rel}","templated":true}]}}