{"id":55174,"date":"2025-11-26T15:29:19","date_gmt":"2025-11-26T21:29:19","guid":{"rendered":"https:\/\/labestiapolitica.com.mx\/?p=55174"},"modified":"2025-11-26T15:35:59","modified_gmt":"2025-11-26T21:35:59","slug":"ciudadanos-piden-al-ayuntamiento-de-zacatelco-intervenir-en-el-rescate-de-perrita-recien-parida-propaet-y-bienestar-animal-se-deslindan","status":"publish","type":"post","link":"https:\/\/labestiapolitica.com.mx\/?p=55174","title":{"rendered":"Ciudadanos piden a Zacatelco intervenir en rescate de perrita reci\u00e9n parida; Propaet y Bienestar Animal se deslindan"},"content":{"rendered":"<p style=\"text-align: justify;\">Fabiola M\u00e1rquez\/\/Ciudadanos de Zacatelco hicieron un llamado en\u00e9rgico al Ayuntamiento, encabezado por el presidente municipal Miguel Acatzi Luna, para atender de manera urgente el caso de una perrita que recientemente dio a luz y que permanece junto a sus cr\u00edas en una jardinera ubicada frente a la iglesia, del lado del banco.<\/p>\n<p style=\"text-align: justify;\">La madre canina se encuentra en situaci\u00f3n de vulnerabilidad, expuesta a las condiciones del clima, al tr\u00e1nsito constante de personas y a posibles agresiones.<\/p>\n<p style=\"text-align: justify;\">La persona que realiz\u00f3 el reporte explic\u00f3 que al notar la presencia de la perrita y sus cachorros busc\u00f3 apoyo inmediato con las instituciones encargadas del bienestar animal. Sin embargo, la respuesta fue nula. Primero, al comunicarse con Propaet, se le inform\u00f3 que no pod\u00edan intervenir en el caso.<\/p>\n<p style=\"text-align: justify;\">Posteriormente, al contactar al \u00e1rea de Bienestar Animal, recibi\u00f3 la respuesta de que ya no est\u00e1n recibiendo perros, por lo que tampoco pod\u00edan ofrecer ayuda o un resguardo temporal.<\/p>\n<p style=\"text-align: justify;\">Ante este escenario de desatenci\u00f3n, vecinos de la zona manifestaron su preocupaci\u00f3n y expresaron que la responsabilidad de garantizar medidas b\u00e1sicas de protecci\u00f3n animal recae tambi\u00e9n en el ayuntamiento. Subrayaron que, pese a que el municipio cuenta con un \u00e1rea de Bienestar Animal, esta no est\u00e1 brindando alternativas para atender situaciones urgentes, lo que deja a los animales desprotegidos y a la ciudadan\u00eda sin respuesta.<\/p>\n<p style=\"text-align: justify;\">Los habitantes pidieron que el Ayuntamiento de Zacatelco act\u00fae de forma inmediata para brindar un espacio seguro y atenci\u00f3n veterinaria si es necesario, pues la perrita acaba de parir y sus cr\u00edas requieren cuidados espec\u00edficos.<\/p>\n<p style=\"text-align: justify;\">Adem\u00e1s, se\u00f1alaron que la falta de acci\u00f3n podr\u00eda derivar en un problema mayor, ya sea por el riesgo sanitario, por situaciones de maltrato o por posibles ataques de otros animales.<\/p>\n<p style=\"text-align: justify;\">Finalmente, los ciudadanos reiteraron su llamado al alcalde Miguel Acatzi Luna para que tome cartas en el asunto, atienda la denuncia y garantice que el municipio cumpla con su responsabilidad en materia de protecci\u00f3n y bienestar animal, ya que las instancias estatales no ofrecieron soluci\u00f3n.<\/p>\n","protected":false},"excerpt":{"rendered":"<p>Fabiola M\u00e1rquez\/\/Ciudadanos de Zacatelco hicieron un llamado en\u00e9rgico al Ayuntamiento, encabezado por el presidente municipal Miguel Acatzi Luna, para atender de manera urgente el caso de una perrita que recientemente dio a luz y que permanece junto a sus cr\u00edas en una jardinera ubicada frente a la iglesia, del lado del banco. La madre canina [&hellip;]<\/p>\n","protected":false},"author":3,"featured_media":55175,"comment_status":"open","ping_status":"open","sticky":false,"template":"","format":"standard","meta":{"footnotes":""},"categories":[3,7],"tags":[],"class_list":["post-55174","post","type-post","status-publish","format-standard","has-post-thumbnail","hentry","category-8-columnas","category-ciudadanos"],"amp_enabled":true,"_links":{"self":[{"href":"https:\/\/labestiapolitica.com.mx\/index.php?rest_route=\/wp\/v2\/posts\/55174","targetHints":{"allow":["GET"]}}],"collection":[{"href":"https:\/\/labestiapolitica.com.mx\/index.php?rest_route=\/wp\/v2\/posts"}],"about":[{"href":"https:\/\/labestiapolitica.com.mx\/index.php?rest_route=\/wp\/v2\/types\/post"}],"author":[{"embeddable":true,"href":"https:\/\/labestiapolitica.com.mx\/index.php?rest_route=\/wp\/v2\/users\/3"}],"replies":[{"embeddable":true,"href":"https:\/\/labestiapolitica.com.mx\/index.php?rest_route=%2Fwp%2Fv2%2Fcomments&post=55174"}],"version-history":[{"count":2,"href":"https:\/\/labestiapolitica.com.mx\/index.php?rest_route=\/wp\/v2\/posts\/55174\/revisions"}],"predecessor-version":[{"id":55181,"href":"https:\/\/labestiapolitica.com.mx\/index.php?rest_route=\/wp\/v2\/posts\/55174\/revisions\/55181"}],"wp:featuredmedia":[{"embeddable":true,"href":"https:\/\/labestiapolitica.com.mx\/index.php?rest_route=\/wp\/v2\/media\/55175"}],"wp:attachment":[{"href":"https:\/\/labestiapolitica.com.mx\/index.php?rest_route=%2Fwp%2Fv2%2Fmedia&parent=55174"}],"wp:term":[{"taxonomy":"category","embeddable":true,"href":"https:\/\/labestiapolitica.com.mx\/index.php?rest_route=%2Fwp%2Fv2%2Fcategories&post=55174"},{"taxonomy":"post_tag","embeddable":true,"href":"https:\/\/labestiapolitica.com.mx\/index.php?rest_route=%2Fwp%2Fv2%2Ftags&post=55174"}],"curies":[{"name":"wp","href":"https:\/\/api.w.org\/{rel}","templated":true}]}}