{"id":55417,"date":"2025-11-20T15:00:34","date_gmt":"2025-11-20T21:00:34","guid":{"rendered":"https:\/\/labestiapolitica.com.mx\/?p=55417"},"modified":"2025-11-28T15:03:56","modified_gmt":"2025-11-28T21:03:56","slug":"tramite-rapido-y-facil-unidad-movil-de-licencias-de-conducir-en-texoloc","status":"publish","type":"post","link":"https:\/\/labestiapolitica.com.mx\/?p=55417","title":{"rendered":"Tr\u00e1mite r\u00e1pido y f\u00e1cil: Unidad M\u00f3vil de Licencias de Conducir en Tex\u00f3loc"},"content":{"rendered":"<header class=\"entry-header penci-entry-header penci-title-\">\n<h1 class=\"entry-title penci-entry-title penci-title-\" style=\"text-align: justify;\"><span style=\"font-size: 16px;\">La Unidad M\u00f3vil de Licencias de Conducir lleg\u00f3 a la explanada municipal de San Dami\u00e1n Tex\u00f3loc, donde inici\u00f3 operaciones para acercar este servicio a la poblaci\u00f3n. La jornada, promovida por el Ayuntamiento, permitir\u00e1 que las y los ciudadanos realicen su tr\u00e1mite sin necesidad de trasladarse a otros municipios.<\/span><\/h1>\n<\/header>\n<div class=\"penci-entry-content entry-content\">\n<p style=\"text-align: justify;\">Seg\u00fan inform\u00f3 el gobierno municipal, la unidad brinda atenci\u00f3n en un horario de 9:00 a 14:00 horas y ofrece la posibilidad de obtener la licencia de conducir de forma \u00e1gil y accesible. Para realizar el tr\u00e1mite, los interesados deben presentar su INE, CURP y Constancia de No Deudor Alimentario, adem\u00e1s de considerar que el pago se efect\u00faa \u00fanicamente con tarjeta de cr\u00e9dito o d\u00e9bito.<\/p>\n<p style=\"text-align: justify;\">Las autoridades destacaron que este acercamiento de servicios contribuye a facilitar los procesos administrativos y refuerza el compromiso de brindar soluciones pr\u00e1cticas a la ciudadan\u00eda, mejorando la atenci\u00f3n p\u00fablica y apoyando a los habitantes de Tex\u00f3loc.<\/p>\n<\/div>\n<p><img loading=\"lazy\" decoding=\"async\" class=\"alignnone size-full wp-image-55418\" src=\"https:\/\/labestiapolitica.com.mx\/wp-content\/uploads\/2025\/11\/Proyecto-nuevo-26-1.jpg\" alt=\"\" width=\"1000\" height=\"600\" srcset=\"https:\/\/labestiapolitica.com.mx\/wp-content\/uploads\/2025\/11\/Proyecto-nuevo-26-1.jpg 1000w, https:\/\/labestiapolitica.com.mx\/wp-content\/uploads\/2025\/11\/Proyecto-nuevo-26-1-300x180.jpg 300w, https:\/\/labestiapolitica.com.mx\/wp-content\/uploads\/2025\/11\/Proyecto-nuevo-26-1-768x461.jpg 768w\" sizes=\"auto, (max-width: 1000px) 100vw, 1000px\" \/> <img loading=\"lazy\" decoding=\"async\" class=\"alignnone size-full wp-image-55419\" src=\"https:\/\/labestiapolitica.com.mx\/wp-content\/uploads\/2025\/11\/Proyecto-nuevo-25.jpg\" alt=\"\" width=\"1000\" height=\"600\" srcset=\"https:\/\/labestiapolitica.com.mx\/wp-content\/uploads\/2025\/11\/Proyecto-nuevo-25.jpg 1000w, https:\/\/labestiapolitica.com.mx\/wp-content\/uploads\/2025\/11\/Proyecto-nuevo-25-300x180.jpg 300w, https:\/\/labestiapolitica.com.mx\/wp-content\/uploads\/2025\/11\/Proyecto-nuevo-25-768x461.jpg 768w\" sizes=\"auto, (max-width: 1000px) 100vw, 1000px\" \/> <img loading=\"lazy\" decoding=\"async\" class=\"alignnone size-full wp-image-55420\" src=\"https:\/\/labestiapolitica.com.mx\/wp-content\/uploads\/2025\/11\/Proyecto-nuevo-24-1.jpg\" alt=\"\" width=\"1000\" height=\"600\" srcset=\"https:\/\/labestiapolitica.com.mx\/wp-content\/uploads\/2025\/11\/Proyecto-nuevo-24-1.jpg 1000w, https:\/\/labestiapolitica.com.mx\/wp-content\/uploads\/2025\/11\/Proyecto-nuevo-24-1-300x180.jpg 300w, https:\/\/labestiapolitica.com.mx\/wp-content\/uploads\/2025\/11\/Proyecto-nuevo-24-1-768x461.jpg 768w\" sizes=\"auto, (max-width: 1000px) 100vw, 1000px\" \/><\/p>\n","protected":false},"excerpt":{"rendered":"<p>La Unidad M\u00f3vil de Licencias de Conducir lleg\u00f3 a la explanada municipal de San Dami\u00e1n Tex\u00f3loc, donde inici\u00f3 operaciones para acercar este servicio a la poblaci\u00f3n. La jornada, promovida por el Ayuntamiento, permitir\u00e1 que las y los ciudadanos realicen su tr\u00e1mite sin necesidad de trasladarse a otros municipios. Seg\u00fan inform\u00f3 el gobierno municipal, la unidad [&hellip;]<\/p>\n","protected":false},"author":3,"featured_media":55418,"comment_status":"open","ping_status":"open","sticky":false,"template":"","format":"standard","meta":{"footnotes":""},"categories":[12,216,242],"tags":[],"class_list":["post-55417","post","type-post","status-publish","format-standard","has-post-thumbnail","hentry","category-brujula-2026","category-municipios","category-texoloc"],"amp_enabled":true,"_links":{"self":[{"href":"https:\/\/labestiapolitica.com.mx\/index.php?rest_route=\/wp\/v2\/posts\/55417","targetHints":{"allow":["GET"]}}],"collection":[{"href":"https:\/\/labestiapolitica.com.mx\/index.php?rest_route=\/wp\/v2\/posts"}],"about":[{"href":"https:\/\/labestiapolitica.com.mx\/index.php?rest_route=\/wp\/v2\/types\/post"}],"author":[{"embeddable":true,"href":"https:\/\/labestiapolitica.com.mx\/index.php?rest_route=\/wp\/v2\/users\/3"}],"replies":[{"embeddable":true,"href":"https:\/\/labestiapolitica.com.mx\/index.php?rest_route=%2Fwp%2Fv2%2Fcomments&post=55417"}],"version-history":[{"count":1,"href":"https:\/\/labestiapolitica.com.mx\/index.php?rest_route=\/wp\/v2\/posts\/55417\/revisions"}],"predecessor-version":[{"id":55421,"href":"https:\/\/labestiapolitica.com.mx\/index.php?rest_route=\/wp\/v2\/posts\/55417\/revisions\/55421"}],"wp:featuredmedia":[{"embeddable":true,"href":"https:\/\/labestiapolitica.com.mx\/index.php?rest_route=\/wp\/v2\/media\/55418"}],"wp:attachment":[{"href":"https:\/\/labestiapolitica.com.mx\/index.php?rest_route=%2Fwp%2Fv2%2Fmedia&parent=55417"}],"wp:term":[{"taxonomy":"category","embeddable":true,"href":"https:\/\/labestiapolitica.com.mx\/index.php?rest_route=%2Fwp%2Fv2%2Fcategories&post=55417"},{"taxonomy":"post_tag","embeddable":true,"href":"https:\/\/labestiapolitica.com.mx\/index.php?rest_route=%2Fwp%2Fv2%2Ftags&post=55417"}],"curies":[{"name":"wp","href":"https:\/\/api.w.org\/{rel}","templated":true}]}}