{"id":55440,"date":"2025-11-28T16:17:43","date_gmt":"2025-11-28T22:17:43","guid":{"rendered":"https:\/\/labestiapolitica.com.mx\/?p=55440"},"modified":"2025-11-28T16:18:12","modified_gmt":"2025-11-28T22:18:12","slug":"diocesis-anuncia-actividades-navidenas-y-pide-reforzar-la-paz-en-tlaxcala","status":"publish","type":"post","link":"https:\/\/labestiapolitica.com.mx\/?p=55440","title":{"rendered":"Di\u00f3cesis anuncia actividades navide\u00f1as y pide reforzar la paz en Tlaxcala"},"content":{"rendered":"<p style=\"text-align: justify;\">Fabiola M\u00c1RQUEZ \/\/ El Presb\u00edtero Ranulfo Rojas Bret\u00f3n, vocero diocesano, inform\u00f3 que en esta \u00e9poca navide\u00f1a, se buscar\u00e1 reforzar la participaci\u00f3n de los fieles y promover un sentido m\u00e1s profundo de espiritualidad, convivencia familiar y solidaridad hacia los sectores m\u00e1s vulnerables.<\/p>\n<p style=\"text-align: justify;\">Rojas Bret\u00f3n explic\u00f3 que el programa contempla posadas comunitarias en distintas parroquias, novenarios en preparaci\u00f3n a la Navidad, celebraciones eucar\u00edsticas especiales, jornadas de confesiones, horas santas, encuentros de oraci\u00f3n y eventos de formaci\u00f3n, todo con el prop\u00f3sito de que los creyentes vivan un tiempo de recogimiento y preparaci\u00f3n interior.<\/p>\n<p style=\"text-align: justify;\">El sacerdote mencion\u00f3 que, como cada a\u00f1o, los templos y espacios pastorales estar\u00e1n abiertos para recibir a las familias que buscan mantener las tradiciones decembrinas, no s\u00f3lo como actos culturales, sino como momentos que fortalecen la fe y la identidad comunitaria. Subray\u00f3 que la Di\u00f3cesis ha pedido a cada parroquia organizar actividades que respondan a las necesidades sociales de su entorno, particularmente en comunidades donde se registran carencias o problem\u00e1ticas que requieren acompa\u00f1amiento pastoral.<\/p>\n<p style=\"text-align: justify;\">En ese sentido, se\u00f1al\u00f3 que parte importante del programa incluye campa\u00f1as de apoyo social, como colectas de ropa invernal, entrega de alimentos, visitas a hospitales y centros de atenci\u00f3n, as\u00ed como convivencias para personas adultas mayores y ni\u00f1os en situaci\u00f3n vulnerable. \u201cNo se trata s\u00f3lo de celebrar, sino de llevar un mensaje de esperanza a quienes m\u00e1s lo necesitan\u201d, apunt\u00f3.<\/p>\n<p style=\"text-align: justify;\">Rojas Bret\u00f3n tambi\u00e9n record\u00f3 que diciembre es una oportunidad para que las familias recuperen la comunicaci\u00f3n y la uni\u00f3n, en un contexto donde muchas veces el ritmo cotidiano genera distancias. Por ello, la Di\u00f3cesis invita a que las celebraciones navide\u00f1as se vivan con equilibrio, evitando excesos y priorizando el sentido espiritual de la fecha.<\/p>\n<p style=\"text-align: justify;\">Finalmente, el vocero diocesano reiter\u00f3 que la Di\u00f3cesis de Tlaxcala invito a las y los tlaxcaltecas a participar activamente en todas las actividades que se desarrollar\u00e1n en el marco de esta importante temporada lit\u00fargica.<\/p>\n","protected":false},"excerpt":{"rendered":"<p>Fabiola M\u00c1RQUEZ \/\/ El Presb\u00edtero Ranulfo Rojas Bret\u00f3n, vocero diocesano, inform\u00f3 que en esta \u00e9poca navide\u00f1a, se buscar\u00e1 reforzar la participaci\u00f3n de los fieles y promover un sentido m\u00e1s profundo de espiritualidad, convivencia familiar y solidaridad hacia los sectores m\u00e1s vulnerables. Rojas Bret\u00f3n explic\u00f3 que el programa contempla posadas comunitarias en distintas parroquias, novenarios en [&hellip;]<\/p>\n","protected":false},"author":3,"featured_media":55451,"comment_status":"open","ping_status":"open","sticky":false,"template":"","format":"standard","meta":{"footnotes":""},"categories":[3,7],"tags":[],"class_list":["post-55440","post","type-post","status-publish","format-standard","has-post-thumbnail","hentry","category-8-columnas","category-ciudadanos"],"amp_enabled":true,"_links":{"self":[{"href":"https:\/\/labestiapolitica.com.mx\/index.php?rest_route=\/wp\/v2\/posts\/55440","targetHints":{"allow":["GET"]}}],"collection":[{"href":"https:\/\/labestiapolitica.com.mx\/index.php?rest_route=\/wp\/v2\/posts"}],"about":[{"href":"https:\/\/labestiapolitica.com.mx\/index.php?rest_route=\/wp\/v2\/types\/post"}],"author":[{"embeddable":true,"href":"https:\/\/labestiapolitica.com.mx\/index.php?rest_route=\/wp\/v2\/users\/3"}],"replies":[{"embeddable":true,"href":"https:\/\/labestiapolitica.com.mx\/index.php?rest_route=%2Fwp%2Fv2%2Fcomments&post=55440"}],"version-history":[{"count":2,"href":"https:\/\/labestiapolitica.com.mx\/index.php?rest_route=\/wp\/v2\/posts\/55440\/revisions"}],"predecessor-version":[{"id":55453,"href":"https:\/\/labestiapolitica.com.mx\/index.php?rest_route=\/wp\/v2\/posts\/55440\/revisions\/55453"}],"wp:featuredmedia":[{"embeddable":true,"href":"https:\/\/labestiapolitica.com.mx\/index.php?rest_route=\/wp\/v2\/media\/55451"}],"wp:attachment":[{"href":"https:\/\/labestiapolitica.com.mx\/index.php?rest_route=%2Fwp%2Fv2%2Fmedia&parent=55440"}],"wp:term":[{"taxonomy":"category","embeddable":true,"href":"https:\/\/labestiapolitica.com.mx\/index.php?rest_route=%2Fwp%2Fv2%2Fcategories&post=55440"},{"taxonomy":"post_tag","embeddable":true,"href":"https:\/\/labestiapolitica.com.mx\/index.php?rest_route=%2Fwp%2Fv2%2Ftags&post=55440"}],"curies":[{"name":"wp","href":"https:\/\/api.w.org\/{rel}","templated":true}]}}