{"id":55668,"date":"2025-12-02T06:00:25","date_gmt":"2025-12-02T12:00:25","guid":{"rendered":"https:\/\/labestiapolitica.com.mx\/?p=55668"},"modified":"2025-12-01T22:49:27","modified_gmt":"2025-12-02T04:49:27","slug":"recibe-rector-de-la-uatx-el-%f0%9d%90%86%f0%9d%90%9a%f0%9d%90%a5%f0%9d%90%9a%f0%9d%90%ab%f0%9d%90%9d%f0%9d%90%a8%f0%9d%90%a7-%f0%9d%90%8f%f0%9d%90%9a%f0%9d%90%ad%f0%9d%90%ab%f0%9d%90%a2","status":"publish","type":"post","link":"https:\/\/labestiapolitica.com.mx\/?p=55668","title":{"rendered":"Recibe Rector de la UATx el \ud835\udc06\ud835\udc1a\ud835\udc25\ud835\udc1a\ud835\udc2b\ud835\udc1d\ud835\udc28\u0301\ud835\udc27 \ud835\udc0f\ud835\udc1a\ud835\udc2d\ud835\udc2b\ud835\udc22\ud835\udc28\u0301\ud835\udc2d\ud835\udc22\ud835\udc1c\ud835\udc28 \ud835\udc11\ud835\udc1e\ud835\udc2f\ud835\udc28\ud835\udc25\ud835\udc2e\ud835\udc1c\ud835\udc22\ud835\udc28\ud835\udc27\ud835\udc1a\ud835\udc2b\ud835\udc22\ud835\udc28"},"content":{"rendered":"<p style=\"text-align: justify;\">\ud83d\udc68\ud83c\udffb\u200d\ud83d\udcbc\ud83c\udfc5 El Dr. Seraf\u00edn Ortiz Ortiz, Rector de la UATx, recibi\u00f3 el \ud835\udc06\ud835\udc1a\ud835\udc25\ud835\udc1a\ud835\udc2b\ud835\udc1d\ud835\udc28\u0301\ud835\udc27 \ud835\udc0f\ud835\udc1a\ud835\udc2d\ud835\udc2b\ud835\udc22\ud835\udc28\u0301\ud835\udc2d\ud835\udc22\ud835\udc1c\ud835\udc28 \ud835\udc11\ud835\udc1e\ud835\udc2f\ud835\udc28\ud835\udc25\ud835\udc2e\ud835\udc1c\ud835\udc22\ud835\udc28\ud835\udc27\ud835\udc1a\ud835\udc2b\ud835\udc22\ud835\udc28, as\u00ed como la \ud835\udc0f\ud835\udc2b\ud835\udc1e\ud835\udc2c\ud835\udc1e\ud835\udc1a \ud835\udc11\ud835\udc1e\ud835\udc2f\ud835\udc28\ud835\udc25\ud835\udc2e\ud835\udc1c\ud835\udc22\ud835\udc28\u0301\ud835\udc27 \ud835\udc0c\ud835\udc1e\ud835\udc31\ud835\udc22\ud835\udc1c\ud835\udc1a\ud835\udc27\ud835\udc1a, distinciones otorgadas por la \ud835\udc02\ud835\udc28\ud835\udc27\ud835\udc1f\ud835\udc1e\ud835\udc2b\ud835\udc1e\ud835\udc27\ud835\udc1c\ud835\udc22\ud835\udc1a \ud835\udc08\ud835\udc27\ud835\udc2d\ud835\udc1e\ud835\udc2b\ud835\udc27\ud835\udc1a\ud835\udc1c\ud835\udc22\ud835\udc28\ud835\udc27\ud835\udc1a\ud835\udc25 \ud835\udc1d\ud835\udc1e \ud835\udc25\ud835\udc1a \ud835\udc02\ud835\udc28\ud835\udc26\ud835\udc2e\ud835\udc27\ud835\udc22\ud835\udc1d\ud835\udc1a\ud835\udc1d \ud835\udc14\ud835\udc27\ud835\udc22\ud835\udc2f\ud835\udc1e\ud835\udc2b\ud835\udc2c\ud835\udc22\ud835\udc2d\ud835\udc1a\ud835\udc2b\ud835\udc22\ud835\udc1a A.C., con motivo del 115 aniversario de la Revoluci\u00f3n Mexicana.<\/p>\n<p style=\"text-align: justify;\">\n\ud83d\udcdc\ud83c\udf96\ufe0f Estos reconocimientos resaltan su liderazgo acad\u00e9mico, su impulso al humanismo mexicano, la justicia social, y su contribuci\u00f3n a la revoluci\u00f3n de las conciencias, principios que fortalecen la proyecci\u00f3n institucional de la UATx en el pa\u00eds.<\/p>\n<p style=\"text-align: justify;\">\n\ud83c\udfdb\ufe0f\ud83d\udc4f\ud83c\udffb La ceremonia se realiz\u00f3 el pasado 29 de noviembre en el Auditorio de la Casa de la Cultura de Tlalpan, en la Ciudad de M\u00e9xico, donde fue distinguido por su labor educativa, cient\u00edfica, social y cultural, as\u00ed como por sus aportaciones al desarrollo universitario.<\/p>\n<p style=\"text-align: justify;\">\n\ud83d\udcd5\u2728 Ante un selecto p\u00fablico invitado a esta ceremonia, el Doctor Ortiz present\u00f3 el Modelo Humanista Integrador basado en Capacidades, ponderando su car\u00e1cter humanista y su enfoque filos\u00f3fico poniendo al centro la dignidad de la persona.<\/p>\n","protected":false},"excerpt":{"rendered":"<p>\ud83d\udc68\ud83c\udffb\u200d\ud83d\udcbc\ud83c\udfc5 El Dr. Seraf\u00edn Ortiz Ortiz, Rector de la UATx, recibi\u00f3 el \ud835\udc06\ud835\udc1a\ud835\udc25\ud835\udc1a\ud835\udc2b\ud835\udc1d\ud835\udc28\u0301\ud835\udc27 \ud835\udc0f\ud835\udc1a\ud835\udc2d\ud835\udc2b\ud835\udc22\ud835\udc28\u0301\ud835\udc2d\ud835\udc22\ud835\udc1c\ud835\udc28 \ud835\udc11\ud835\udc1e\ud835\udc2f\ud835\udc28\ud835\udc25\ud835\udc2e\ud835\udc1c\ud835\udc22\ud835\udc28\ud835\udc27\ud835\udc1a\ud835\udc2b\ud835\udc22\ud835\udc28, as\u00ed como la \ud835\udc0f\ud835\udc2b\ud835\udc1e\ud835\udc2c\ud835\udc1e\ud835\udc1a \ud835\udc11\ud835\udc1e\ud835\udc2f\ud835\udc28\ud835\udc25\ud835\udc2e\ud835\udc1c\ud835\udc22\ud835\udc28\u0301\ud835\udc27 \ud835\udc0c\ud835\udc1e\ud835\udc31\ud835\udc22\ud835\udc1c\ud835\udc1a\ud835\udc27\ud835\udc1a, distinciones otorgadas por la \ud835\udc02\ud835\udc28\ud835\udc27\ud835\udc1f\ud835\udc1e\ud835\udc2b\ud835\udc1e\ud835\udc27\ud835\udc1c\ud835\udc22\ud835\udc1a \ud835\udc08\ud835\udc27\ud835\udc2d\ud835\udc1e\ud835\udc2b\ud835\udc27\ud835\udc1a\ud835\udc1c\ud835\udc22\ud835\udc28\ud835\udc27\ud835\udc1a\ud835\udc25 \ud835\udc1d\ud835\udc1e \ud835\udc25\ud835\udc1a \ud835\udc02\ud835\udc28\ud835\udc26\ud835\udc2e\ud835\udc27\ud835\udc22\ud835\udc1d\ud835\udc1a\ud835\udc1d \ud835\udc14\ud835\udc27\ud835\udc22\ud835\udc2f\ud835\udc1e\ud835\udc2b\ud835\udc2c\ud835\udc22\ud835\udc2d\ud835\udc1a\ud835\udc2b\ud835\udc22\ud835\udc1a A.C., con motivo del 115 aniversario de la Revoluci\u00f3n Mexicana. \ud83d\udcdc\ud83c\udf96\ufe0f Estos reconocimientos resaltan su liderazgo acad\u00e9mico, su impulso al humanismo mexicano, la justicia [&hellip;]<\/p>\n","protected":false},"author":3,"featured_media":55669,"comment_status":"open","ping_status":"open","sticky":false,"template":"","format":"standard","meta":{"footnotes":""},"categories":[3,213,241],"tags":[],"class_list":["post-55668","post","type-post","status-publish","format-standard","has-post-thumbnail","hentry","category-8-columnas","category-educacion","category-uatx"],"amp_enabled":true,"_links":{"self":[{"href":"https:\/\/labestiapolitica.com.mx\/index.php?rest_route=\/wp\/v2\/posts\/55668","targetHints":{"allow":["GET"]}}],"collection":[{"href":"https:\/\/labestiapolitica.com.mx\/index.php?rest_route=\/wp\/v2\/posts"}],"about":[{"href":"https:\/\/labestiapolitica.com.mx\/index.php?rest_route=\/wp\/v2\/types\/post"}],"author":[{"embeddable":true,"href":"https:\/\/labestiapolitica.com.mx\/index.php?rest_route=\/wp\/v2\/users\/3"}],"replies":[{"embeddable":true,"href":"https:\/\/labestiapolitica.com.mx\/index.php?rest_route=%2Fwp%2Fv2%2Fcomments&post=55668"}],"version-history":[{"count":1,"href":"https:\/\/labestiapolitica.com.mx\/index.php?rest_route=\/wp\/v2\/posts\/55668\/revisions"}],"predecessor-version":[{"id":55670,"href":"https:\/\/labestiapolitica.com.mx\/index.php?rest_route=\/wp\/v2\/posts\/55668\/revisions\/55670"}],"wp:featuredmedia":[{"embeddable":true,"href":"https:\/\/labestiapolitica.com.mx\/index.php?rest_route=\/wp\/v2\/media\/55669"}],"wp:attachment":[{"href":"https:\/\/labestiapolitica.com.mx\/index.php?rest_route=%2Fwp%2Fv2%2Fmedia&parent=55668"}],"wp:term":[{"taxonomy":"category","embeddable":true,"href":"https:\/\/labestiapolitica.com.mx\/index.php?rest_route=%2Fwp%2Fv2%2Fcategories&post=55668"},{"taxonomy":"post_tag","embeddable":true,"href":"https:\/\/labestiapolitica.com.mx\/index.php?rest_route=%2Fwp%2Fv2%2Ftags&post=55668"}],"curies":[{"name":"wp","href":"https:\/\/api.w.org\/{rel}","templated":true}]}}