{"id":55671,"date":"2025-12-02T05:23:56","date_gmt":"2025-12-02T11:23:56","guid":{"rendered":"https:\/\/labestiapolitica.com.mx\/?p=55671"},"modified":"2025-12-02T00:25:30","modified_gmt":"2025-12-02T06:25:30","slug":"desmiente-vocero-compra-de-helicoptero-de-lujo-para-tlaxcala-no-hay-y-no-habra","status":"publish","type":"post","link":"https:\/\/labestiapolitica.com.mx\/?p=55671","title":{"rendered":"Desmiente vocero compra de helic\u00f3ptero de lujo para Tlaxcala: \u00abNo hay y no habr\u00e1\u00bb"},"content":{"rendered":"<ul>\n<li class=\"p1\" style=\"text-align: justify;\"><span class=\"s1\">Antonio Mart\u00ednez Vel\u00e1zquez reconoce que hubo una licitaci\u00f3n fallida por una aeronave de unos 12 mdd, pero afirma que el proceso se cancel\u00f3 y no se reabrir\u00e1 en esta administraci\u00f3n.<\/span><\/li>\n<\/ul>\n<p class=\"p1\" style=\"text-align: justify;\"><span class=\"s1\">Mariana LOVERA\/\/ En respuesta a una reciente nota period\u00edstica que anticipaba la adquisici\u00f3n de un helic\u00f3ptero de lujo para el gobierno de Tlaxcala, el vocero estatal Antonio Mart\u00ednez Vel\u00e1zquez sali\u00f3 al paso para desmentir categ\u00f3ricamente la compra: \u201cNo hay y no habr\u00e1 helic\u00f3ptero nuevo\u201d, al menos durante la presente administraci\u00f3n.<\/span><\/p>\n<p class=\"p1\" style=\"text-align: justify;\"><span class=\"s1\">Las declaraciones se dieron en el \u00faltimo programa de \u201cLos Protagonistas\u201d, donde el funcionario fue cuestionado acerca de una columna titulada \u201cUn helic\u00f3ptero de lujo para \u2018La mejor gobernadora que ha tenido Tlaxcala\u2019\u2026\u201d. En ella, se aseguraba que el estado planeaba incorporar en marzo de 2026 un helic\u00f3ptero con un costo cercano a los 13 millones de d\u00f3lares.<\/span><\/p>\n<p class=\"p1\" style=\"text-align: justify;\"><span class=\"s1\">Mart\u00ednez Vel\u00e1zquez no neg\u00f3 que existiera la intenci\u00f3n de actualizar la flota a\u00e9rea de la Secretar\u00eda de Seguridad Ciudadana. Confirm\u00f3 que, efectivamente, se realizaron dos procesos de licitaci\u00f3n, el \u00faltimo a finales de 2024.<\/span><\/p>\n<p class=\"p1\" style=\"text-align: justify;\"><span class=\"s1\">Sin embargo, explic\u00f3 que la empresa ganadora \u201cno cumpli\u00f3 con el contrato\u201d y se desisti\u00f3 del compromiso, lo que llev\u00f3 a la cancelaci\u00f3n del proceso. \u201cNo hay abierto ning\u00fan otro proceso ni de licitaci\u00f3n ni de adjudicaci\u00f3n para la compra de una aeronave\u201d, recalc\u00f3.<\/span><\/p>\n<p class=\"p1\" style=\"text-align: justify;\"><span class=\"s1\">Respecto al costo, el vocero coincidi\u00f3 en las cifras manejadas en el proceso fallido: alrededor de 12 millones de d\u00f3lares (unos 111 millones de pesos), monto muy similar a los 13 millones de d\u00f3lares mencionados en la nota period\u00edstica.<\/span><\/p>\n<p class=\"p1\" style=\"text-align: justify;\"><span class=\"s1\">Mart\u00ednez Vel\u00e1zquez argument\u00f3 que, debido a los plazos t\u00e9cnicos y administrativos que implica una compra de esta magnitud, si se iniciara un nuevo proceso hoy, la aeronave llegar\u00eda hasta el siguiente a\u00f1o (2026).\u201cNo tiene ning\u00fan caso que el Gobierno realice esta operaci\u00f3n\u201d, afirm\u00f3.<\/span><\/p>\n<p class=\"p1\" style=\"text-align: justify;\"><span class=\"s1\">Asegur\u00f3 que el caso est\u00e1 \u201ccerrado\u201d y que cualquier eventual renovaci\u00f3n de la flota a\u00e9rea corresponder\u00eda, en su caso, a la pr\u00f3xima administraci\u00f3n.<\/span><\/p>\n<p class=\"p1\" style=\"text-align: justify;\"><span class=\"s1\">Consultado sobre por qu\u00e9 no se hizo p\u00fablico en su momento el fracaso de la licitaci\u00f3n, el vocero respondi\u00f3 que \u201cprecisamente porque no se llev\u00f3 a cabo\u201d. <\/span><\/p>\n<p class=\"p1\" style=\"text-align: justify;\"><span class=\"s1\">Se\u00f1al\u00f3 que el periodista probablemente accedi\u00f3 a los documentos p\u00fablicos del proceso y proyect\u00f3 su conclusi\u00f3n, pero la situaci\u00f3n cambi\u00f3 tras la deserci\u00f3n de la empresa adjudicada.<\/span><\/p>\n<div style=\"width: 640px;\" class=\"wp-video\"><video class=\"wp-video-shortcode\" id=\"video-55671-1\" width=\"640\" height=\"361\" preload=\"metadata\" controls=\"controls\"><source type=\"video\/mp4\" src=\"https:\/\/labestiapolitica.com.mx\/wp-content\/uploads\/2025\/12\/9412625f-31a3-4985-8aa8-fc139b97234b.mp4?_=1\" \/><a href=\"https:\/\/labestiapolitica.com.mx\/wp-content\/uploads\/2025\/12\/9412625f-31a3-4985-8aa8-fc139b97234b.mp4\">https:\/\/labestiapolitica.com.mx\/wp-content\/uploads\/2025\/12\/9412625f-31a3-4985-8aa8-fc139b97234b.mp4<\/a><\/video><\/div>\n","protected":false},"excerpt":{"rendered":"<p>Antonio Mart\u00ednez Vel\u00e1zquez reconoce que hubo una licitaci\u00f3n fallida por una aeronave de unos 12 mdd, pero afirma que el proceso se cancel\u00f3 y no se reabrir\u00e1 en esta administraci\u00f3n. Mariana LOVERA\/\/ En respuesta a una reciente nota period\u00edstica que anticipaba la adquisici\u00f3n de un helic\u00f3ptero de lujo para el gobierno de Tlaxcala, el vocero [&hellip;]<\/p>\n","protected":false},"author":6,"featured_media":55673,"comment_status":"open","ping_status":"open","sticky":false,"template":"","format":"standard","meta":{"footnotes":""},"categories":[3,7,236],"tags":[],"class_list":["post-55671","post","type-post","status-publish","format-standard","has-post-thumbnail","hentry","category-8-columnas","category-ciudadanos","category-gobierno-de-tlaxcala"],"amp_enabled":true,"_links":{"self":[{"href":"https:\/\/labestiapolitica.com.mx\/index.php?rest_route=\/wp\/v2\/posts\/55671","targetHints":{"allow":["GET"]}}],"collection":[{"href":"https:\/\/labestiapolitica.com.mx\/index.php?rest_route=\/wp\/v2\/posts"}],"about":[{"href":"https:\/\/labestiapolitica.com.mx\/index.php?rest_route=\/wp\/v2\/types\/post"}],"author":[{"embeddable":true,"href":"https:\/\/labestiapolitica.com.mx\/index.php?rest_route=\/wp\/v2\/users\/6"}],"replies":[{"embeddable":true,"href":"https:\/\/labestiapolitica.com.mx\/index.php?rest_route=%2Fwp%2Fv2%2Fcomments&post=55671"}],"version-history":[{"count":2,"href":"https:\/\/labestiapolitica.com.mx\/index.php?rest_route=\/wp\/v2\/posts\/55671\/revisions"}],"predecessor-version":[{"id":55675,"href":"https:\/\/labestiapolitica.com.mx\/index.php?rest_route=\/wp\/v2\/posts\/55671\/revisions\/55675"}],"wp:featuredmedia":[{"embeddable":true,"href":"https:\/\/labestiapolitica.com.mx\/index.php?rest_route=\/wp\/v2\/media\/55673"}],"wp:attachment":[{"href":"https:\/\/labestiapolitica.com.mx\/index.php?rest_route=%2Fwp%2Fv2%2Fmedia&parent=55671"}],"wp:term":[{"taxonomy":"category","embeddable":true,"href":"https:\/\/labestiapolitica.com.mx\/index.php?rest_route=%2Fwp%2Fv2%2Fcategories&post=55671"},{"taxonomy":"post_tag","embeddable":true,"href":"https:\/\/labestiapolitica.com.mx\/index.php?rest_route=%2Fwp%2Fv2%2Ftags&post=55671"}],"curies":[{"name":"wp","href":"https:\/\/api.w.org\/{rel}","templated":true}]}}