{"id":55695,"date":"2025-12-02T11:14:33","date_gmt":"2025-12-02T17:14:33","guid":{"rendered":"https:\/\/labestiapolitica.com.mx\/?p=55695"},"modified":"2025-12-02T11:19:18","modified_gmt":"2025-12-02T17:19:18","slug":"subraya-lorena-cuellar-la-importancia-de-la-continuidad-en-2027","status":"publish","type":"post","link":"https:\/\/labestiapolitica.com.mx\/?p=55695","title":{"rendered":"Subraya Lorena Cu\u00e9llar la importancia de la continuidad en 2027"},"content":{"rendered":"<p class=\"p2\" style=\"text-align: justify;\">Mariana LOVERA\/\/ La gobernadora Lorena Cu\u00e9llar Cisneros se refiri\u00f3 este martes al proceso de sucesi\u00f3n gubernamental que tendr\u00e1 lugar en 2027, destacando su vital importancia para la continuidad de las obras y programas de su administraci\u00f3n, y expresando su preocupaci\u00f3n por el futuro de los proyectos sociales emblem\u00e1ticos.<\/p>\n<p class=\"p2\" style=\"text-align: justify;\"><span class=\"s1\">En declaraciones a medios, la mandataria estatal enfatiz\u00f3 que quienes se dedican a la pol\u00edtica deben \u00abtrabajar para todos\u00bb y buscar las mejores opciones para el Estado. Sobre la transici\u00f3n que se avecina, se\u00f1al\u00f3: \u00abLa sucesi\u00f3n es muy importante dado que es la continuidad de un gobierno, es el que no caigan todas las obras, las acciones\u00bb.<\/span><\/p>\n<p class=\"p2\" style=\"text-align: justify;\"><span class=\"s1\">Cu\u00e9llar Cisneros utiliz\u00f3 ejemplos concretos de su gesti\u00f3n para ilustrar sus inquietudes. Habl\u00f3 espec\u00edficamente del caso de los cerca de cien ni\u00f1os que anteriormente estaban dispersos en diferentes hogares y que ahora son atendidos en una casa hogar construida durante su gobierno.<\/span><\/p>\n<p class=\"p2\" style=\"text-align: justify;\"><span class=\"s1\">\u00abY si son preocupaciones que uno se queda: \u00bfqu\u00e9 va a pasar el d\u00eda que nos vayamos? \u00bfQu\u00e9 va a pasar con los hospitales? \u00bfQu\u00e9 va a pasar con las universidades?\u00bb, plante\u00f3 la gobernadora, abogando por que \u00abhaya continuidad\u00bb y se demuestre que con los recursos del Estado se pueden cubrir las necesidades de la poblaci\u00f3n.<\/span><\/p>\n<p class=\"p2\" style=\"text-align: justify;\"><span class=\"s1\">Ante el proceso electoral futuro, la gobernadora hizo un llamado a la madurez y responsabilidad de la clase pol\u00edtica tlaxcalteca. Expres\u00f3 su deseo de que la sucesi\u00f3n sea \u00ablo m\u00e1s tersa\u00bb posible y confi\u00f3 en que \u00ablos actores pol\u00edticos tengan la altura de miras para poder cuidar a Tlaxcala de esos roces que a veces son normales, pero que pueden salirse de control\u00bb.<\/span><\/p>\n<p class=\"p2\" style=\"text-align: justify;\"><span class=\"s1\">\u00abQuien menos debe de ser perjudicado es el pueblo de Tlaxcala\u00bb, subray\u00f3, recordando que ser\u00e1 la ciudadan\u00eda quien, en \u00faltima instancia, mande y elija a su pr\u00f3ximo gobierno. \u00abAs\u00ed es como vamos a seguir transitando en este cambio\u00bb, concluy\u00f3.<\/span><\/p>\n","protected":false},"excerpt":{"rendered":"<p>Mariana LOVERA\/\/ La gobernadora Lorena Cu\u00e9llar Cisneros se refiri\u00f3 este martes al proceso de sucesi\u00f3n gubernamental que tendr\u00e1 lugar en 2027, destacando su vital importancia para la continuidad de las obras y programas de su administraci\u00f3n, y expresando su preocupaci\u00f3n por el futuro de los proyectos sociales emblem\u00e1ticos. En declaraciones a medios, la mandataria estatal [&hellip;]<\/p>\n","protected":false},"author":6,"featured_media":55696,"comment_status":"open","ping_status":"open","sticky":false,"template":"","format":"standard","meta":{"footnotes":""},"categories":[3,236],"tags":[],"class_list":["post-55695","post","type-post","status-publish","format-standard","has-post-thumbnail","hentry","category-8-columnas","category-gobierno-de-tlaxcala"],"amp_enabled":true,"_links":{"self":[{"href":"https:\/\/labestiapolitica.com.mx\/index.php?rest_route=\/wp\/v2\/posts\/55695","targetHints":{"allow":["GET"]}}],"collection":[{"href":"https:\/\/labestiapolitica.com.mx\/index.php?rest_route=\/wp\/v2\/posts"}],"about":[{"href":"https:\/\/labestiapolitica.com.mx\/index.php?rest_route=\/wp\/v2\/types\/post"}],"author":[{"embeddable":true,"href":"https:\/\/labestiapolitica.com.mx\/index.php?rest_route=\/wp\/v2\/users\/6"}],"replies":[{"embeddable":true,"href":"https:\/\/labestiapolitica.com.mx\/index.php?rest_route=%2Fwp%2Fv2%2Fcomments&post=55695"}],"version-history":[{"count":1,"href":"https:\/\/labestiapolitica.com.mx\/index.php?rest_route=\/wp\/v2\/posts\/55695\/revisions"}],"predecessor-version":[{"id":55697,"href":"https:\/\/labestiapolitica.com.mx\/index.php?rest_route=\/wp\/v2\/posts\/55695\/revisions\/55697"}],"wp:featuredmedia":[{"embeddable":true,"href":"https:\/\/labestiapolitica.com.mx\/index.php?rest_route=\/wp\/v2\/media\/55696"}],"wp:attachment":[{"href":"https:\/\/labestiapolitica.com.mx\/index.php?rest_route=%2Fwp%2Fv2%2Fmedia&parent=55695"}],"wp:term":[{"taxonomy":"category","embeddable":true,"href":"https:\/\/labestiapolitica.com.mx\/index.php?rest_route=%2Fwp%2Fv2%2Fcategories&post=55695"},{"taxonomy":"post_tag","embeddable":true,"href":"https:\/\/labestiapolitica.com.mx\/index.php?rest_route=%2Fwp%2Fv2%2Ftags&post=55695"}],"curies":[{"name":"wp","href":"https:\/\/api.w.org\/{rel}","templated":true}]}}