{"id":55725,"date":"2025-12-02T13:06:44","date_gmt":"2025-12-02T19:06:44","guid":{"rendered":"https:\/\/labestiapolitica.com.mx\/?p=55725"},"modified":"2025-12-02T13:06:44","modified_gmt":"2025-12-02T19:06:44","slug":"pri-anuncia-rechazo-a-la-ley-general-de-aguas-propuesta-por-morena","status":"publish","type":"post","link":"https:\/\/labestiapolitica.com.mx\/?p=55725","title":{"rendered":"PRI anuncia rechazo a la Ley General de Aguas propuesta por Morena"},"content":{"rendered":"<p class=\"p1\" style=\"text-align: justify;\"><span class=\"s1\">Fabiola M\u00e1rquez\/\/El Partido Revolucionario Institucional (PRI) en Tlaxcala anunci\u00f3 que se opondr\u00e1 a la iniciativa de Ley General de Aguas y a las modificaciones a la Ley de Aguas Nacionales impulsadas por Morena, al considerar que estas reformas ponen en riesgo al sector agr\u00edcola y criminalizan el uso del recurso h\u00eddrico por parte de quienes trabajan en el campo mexicano.<\/span><\/p>\n<p class=\"p1\" style=\"text-align: justify;\"><span class=\"s1\">La dirigencia priista, a cargo de Enrique Padilla, se\u00f1al\u00f3 que el proyecto fue construido \u201csin escuchar a agricultores, ganaderos, silvicultores ni a las mujeres y hombres del campo\u201d, lo que refleja una falta de di\u00e1logo y acuerdos con quienes dependen del agua para su actividad productiva. Advirtieron que la propuesta no atiende la realidad del agro ni las dificultades que actualmente enfrenta.<\/span><\/p>\n<p class=\"p1\" style=\"text-align: justify;\"><span class=\"s1\">De acuerdo con el PRI, la iniciativa centraliza el control del agua y convierte a las y los productores en sujetos de sanciones penales y econ\u00f3micas. Destacaron que contempla multas de hasta 7 millones de pesos y penas de hasta 12 a\u00f1os de c\u00e1rcel, lo que aseguran pone en riesgo el patrimonio de las familias m\u00e1s pobres del pa\u00eds, cuya subsistencia depende del acceso al vital l\u00edquido.<\/span><\/p>\n<p class=\"p1\" style=\"text-align: justify;\"><span class=\"s1\">El partido tambi\u00e9n acus\u00f3 que la reforma eliminar\u00e1 los t\u00edtulos de concesi\u00f3n para explotaci\u00f3n de agua, sustituy\u00e9ndolos por permisos anuales que, a su juicio, abrir\u00e1n la puerta a un \u201ccontrol pol\u00edtico y discrecional\u201d por parte del gobierno federal. Se\u00f1al\u00f3 que el texto de Morena permite concentrar en manos del Ejecutivo decisiones sobre distribuci\u00f3n, tarifas, infraestructura y hasta el derecho de regar cultivos.<\/span><\/p>\n<p class=\"p1\" style=\"text-align: justify;\"><span class=\"s1\">El<span class=\"Apple-converted-space\">\u00a0 <\/span>PRI afirm\u00f3 que defender\u00e1 los derechos de los productores y buscar\u00e1 frenar la reforma en el Poder Legislativo, al considerar que \u201cprofundizar\u00e1 la crisis del campo mexicano y atentar\u00e1 contra la seguridad alimentaria del pa\u00eds\u201d.<\/span><\/p>\n","protected":false},"excerpt":{"rendered":"<p>Fabiola M\u00e1rquez\/\/El Partido Revolucionario Institucional (PRI) en Tlaxcala anunci\u00f3 que se opondr\u00e1 a la iniciativa de Ley General de Aguas y a las modificaciones a la Ley de Aguas Nacionales impulsadas por Morena, al considerar que estas reformas ponen en riesgo al sector agr\u00edcola y criminalizan el uso del recurso h\u00eddrico por parte de quienes [&hellip;]<\/p>\n","protected":false},"author":3,"featured_media":55726,"comment_status":"open","ping_status":"open","sticky":false,"template":"","format":"standard","meta":{"footnotes":""},"categories":[3,247,250],"tags":[],"class_list":["post-55725","post","type-post","status-publish","format-standard","has-post-thumbnail","hentry","category-8-columnas","category-politica","category-pri"],"amp_enabled":true,"_links":{"self":[{"href":"https:\/\/labestiapolitica.com.mx\/index.php?rest_route=\/wp\/v2\/posts\/55725","targetHints":{"allow":["GET"]}}],"collection":[{"href":"https:\/\/labestiapolitica.com.mx\/index.php?rest_route=\/wp\/v2\/posts"}],"about":[{"href":"https:\/\/labestiapolitica.com.mx\/index.php?rest_route=\/wp\/v2\/types\/post"}],"author":[{"embeddable":true,"href":"https:\/\/labestiapolitica.com.mx\/index.php?rest_route=\/wp\/v2\/users\/3"}],"replies":[{"embeddable":true,"href":"https:\/\/labestiapolitica.com.mx\/index.php?rest_route=%2Fwp%2Fv2%2Fcomments&post=55725"}],"version-history":[{"count":1,"href":"https:\/\/labestiapolitica.com.mx\/index.php?rest_route=\/wp\/v2\/posts\/55725\/revisions"}],"predecessor-version":[{"id":55727,"href":"https:\/\/labestiapolitica.com.mx\/index.php?rest_route=\/wp\/v2\/posts\/55725\/revisions\/55727"}],"wp:featuredmedia":[{"embeddable":true,"href":"https:\/\/labestiapolitica.com.mx\/index.php?rest_route=\/wp\/v2\/media\/55726"}],"wp:attachment":[{"href":"https:\/\/labestiapolitica.com.mx\/index.php?rest_route=%2Fwp%2Fv2%2Fmedia&parent=55725"}],"wp:term":[{"taxonomy":"category","embeddable":true,"href":"https:\/\/labestiapolitica.com.mx\/index.php?rest_route=%2Fwp%2Fv2%2Fcategories&post=55725"},{"taxonomy":"post_tag","embeddable":true,"href":"https:\/\/labestiapolitica.com.mx\/index.php?rest_route=%2Fwp%2Fv2%2Ftags&post=55725"}],"curies":[{"name":"wp","href":"https:\/\/api.w.org\/{rel}","templated":true}]}}