{"id":55732,"date":"2025-12-02T13:58:17","date_gmt":"2025-12-02T19:58:17","guid":{"rendered":"https:\/\/labestiapolitica.com.mx\/?p=55732"},"modified":"2025-12-02T13:58:17","modified_gmt":"2025-12-02T19:58:17","slug":"uso-politico-de-universidades-para-afiliarse-a-morena-es-una-practica-del-viejo-pri-prd-tlaxcala","status":"publish","type":"post","link":"https:\/\/labestiapolitica.com.mx\/?p=55732","title":{"rendered":"Uso Pol\u00edtico de Universidades para afiliarse a Morena es una pr\u00e1ctica del viejo PRI: PRD Tlaxcala"},"content":{"rendered":"<p class=\"s4\" style=\"text-align: justify;\"><span class=\"s6\"><span class=\"bumpedFont15\">El Partido de la Revoluci\u00f3n Democr\u00e1tica Tlaxcala present\u00f3 este <\/span><\/span><span class=\"s6\"><span class=\"bumpedFont15\">martes,<\/span><\/span><span class=\"s6\"><span class=\"bumpedFont15\"> ante el Instituto Tlaxcalteca de Elecciones<\/span><\/span><span class=\"s6\"><span class=\"bumpedFont15\">,<\/span><\/span><span class=\"s6\"><span class=\"bumpedFont15\"> una denuncia formal derivada de los hechos recientemente <\/span><\/span><span class=\"s6\"><span class=\"bumpedFont15\">revelados en la prensa donde da a conocer que<\/span><\/span><span class=\"s6\"><span class=\"bumpedFont15\"> en las Universidades Tecnol\u00f3gica de Tlaxcala <\/span><\/span><span class=\"s6\"><span class=\"bumpedFont15\">y Polit\u00e9cnica de Tlaxcala,<\/span><\/span><span class=\"s6\"><span class=\"bumpedFont15\"> se han se\u00f1alado presuntas pr\u00e1cticas de proselitismo pol\u00edtico, condicionamiento acad\u00e9mico y presi\u00f3n a estudiantes para favorecer a un partido pol\u00edtico en funciones de gobierno.<\/span><\/span><\/p>\n<p class=\"s7\" style=\"text-align: justify;\"><span class=\"s6\"><span class=\"bumpedFont15\">La determinaci\u00f3n de acudir a la autoridad electoral responde a la gravedad de las acusaciones, que apuntan a un uso indebido de recursos p\u00fablicos, intervenci\u00f3n de funcionarios en espacios educativos con fines electorales y la normalizaci\u00f3n de actos de coacci\u00f3n que vulneran derechos fundamentales. Estos hechos, de corroborarse, representan un flagrante quebranto a la ley electoral, a los principios de imparcialidad y equidad en la contienda y a la obligaci\u00f3n del Estado de garantizar un entorno educativo libre de presiones y capturas partidistas.<\/span><\/span><\/p>\n<p class=\"s7\" style=\"text-align: justify;\"><span class=\"s3\"><span class=\"bumpedFont15\">\u201cEl uso faccioso de las Universidades no es nuevo, recuerdo que el hoy secretario de Educaci\u00f3n, Homero Meneses, se quejaba agriamente en el pasado de esta pr\u00e1ctica por parte de los Ortiz en la UAT. \u00bfHoy no va a decir nada?\u201d<\/span><\/span> <span class=\"s6\"><span class=\"bumpedFont15\">manifest\u00f3 el dirigente del sol azteca, Juan Manuel Cambr\u00f3n.<\/span><\/span><\/p>\n<p class=\"s7\" style=\"text-align: justify;\"><span class=\"s6\"><span class=\"bumpedFont15\">Cambr\u00f3n y e<\/span><\/span><span class=\"s6\"><span class=\"bumpedFont15\">l PRD Tlaxcala considera<\/span><\/span><span class=\"s6\"><span class=\"bumpedFont15\">n<\/span><\/span><span class=\"s6\"><span class=\"bumpedFont15\"> inaceptable que instituciones p\u00fablicas sean utilizadas como plataformas para la promoci\u00f3n pol\u00edtica, menos <\/span><\/span><span class=\"s6\"><span class=\"bumpedFont15\">aun<\/span><\/span><span class=\"s6\"><span class=\"bumpedFont15\">cuando se involucra a estudiantes mediante mecanismos de presi\u00f3n, condicionamiento o amenazas veladas. Tales conductas distorsionan la funci\u00f3n educativa, degradan el servicio p\u00fablico y deterioran la confianza ciudadana en las instituciones.<\/span><\/span><\/p>\n<p class=\"s7\" style=\"text-align: justify;\"><span class=\"s6\"><span class=\"bumpedFont15\">Adem\u00e1s, e<\/span><\/span><span class=\"s6\"><span class=\"bumpedFont15\">l dirigente estatal del PRD<\/span><\/span><span class=\"s6\"><span class=\"bumpedFont15\">,<\/span><\/span><span class=\"s6\"><span class=\"bumpedFont15\"> afirm\u00f3 que la denuncia no es un acto pol\u00edtico coyuntural, sino una exigencia democr\u00e1tica. <\/span><\/span><span class=\"s3\"><span class=\"bumpedFont15\">\u201cNo vamos a permitir que el poder se utilice para intimidar estudiantes ni para convertir las universidades en centros de reclutamiento partidista; Tlaxcala merece instituciones que respeten la ley y a su gente\u201d<\/span><\/span><span class=\"s6\"><span class=\"bumpedFont15\">, expres\u00f3.<\/span><\/span><\/p>\n<p class=\"s7\" style=\"text-align: justify;\"><span class=\"s6\"><span class=\"bumpedFont15\">Con la presentaci\u00f3n de esta denuncia, el PRD solicita una investigaci\u00f3n exhaustiva, pronta y responsable, as\u00ed como la adopci\u00f3n de medidas que prevengan la continuidad de estas pr\u00e1cticas. Asimismo, exige que se garantice la protecci\u00f3n de quienes han decidido denunciar y que se impida cualquier interferencia que obstaculice la b\u00fasqueda de la verdad. <\/span><\/span><a name=\"_GoBack\"><\/a><\/p>\n<p class=\"s7\">\n","protected":false},"excerpt":{"rendered":"<p>El Partido de la Revoluci\u00f3n Democr\u00e1tica Tlaxcala present\u00f3 este martes, ante el Instituto Tlaxcalteca de Elecciones, una denuncia formal derivada de los hechos recientemente revelados en la prensa donde da a conocer que en las Universidades Tecnol\u00f3gica de Tlaxcala y Polit\u00e9cnica de Tlaxcala, se han se\u00f1alado presuntas pr\u00e1cticas de proselitismo pol\u00edtico, condicionamiento acad\u00e9mico y presi\u00f3n [&hellip;]<\/p>\n","protected":false},"author":3,"featured_media":55737,"comment_status":"open","ping_status":"open","sticky":false,"template":"","format":"standard","meta":{"footnotes":""},"categories":[247,251],"tags":[],"class_list":["post-55732","post","type-post","status-publish","format-standard","has-post-thumbnail","hentry","category-politica","category-prd"],"amp_enabled":true,"_links":{"self":[{"href":"https:\/\/labestiapolitica.com.mx\/index.php?rest_route=\/wp\/v2\/posts\/55732","targetHints":{"allow":["GET"]}}],"collection":[{"href":"https:\/\/labestiapolitica.com.mx\/index.php?rest_route=\/wp\/v2\/posts"}],"about":[{"href":"https:\/\/labestiapolitica.com.mx\/index.php?rest_route=\/wp\/v2\/types\/post"}],"author":[{"embeddable":true,"href":"https:\/\/labestiapolitica.com.mx\/index.php?rest_route=\/wp\/v2\/users\/3"}],"replies":[{"embeddable":true,"href":"https:\/\/labestiapolitica.com.mx\/index.php?rest_route=%2Fwp%2Fv2%2Fcomments&post=55732"}],"version-history":[{"count":1,"href":"https:\/\/labestiapolitica.com.mx\/index.php?rest_route=\/wp\/v2\/posts\/55732\/revisions"}],"predecessor-version":[{"id":55739,"href":"https:\/\/labestiapolitica.com.mx\/index.php?rest_route=\/wp\/v2\/posts\/55732\/revisions\/55739"}],"wp:featuredmedia":[{"embeddable":true,"href":"https:\/\/labestiapolitica.com.mx\/index.php?rest_route=\/wp\/v2\/media\/55737"}],"wp:attachment":[{"href":"https:\/\/labestiapolitica.com.mx\/index.php?rest_route=%2Fwp%2Fv2%2Fmedia&parent=55732"}],"wp:term":[{"taxonomy":"category","embeddable":true,"href":"https:\/\/labestiapolitica.com.mx\/index.php?rest_route=%2Fwp%2Fv2%2Fcategories&post=55732"},{"taxonomy":"post_tag","embeddable":true,"href":"https:\/\/labestiapolitica.com.mx\/index.php?rest_route=%2Fwp%2Fv2%2Ftags&post=55732"}],"curies":[{"name":"wp","href":"https:\/\/api.w.org\/{rel}","templated":true}]}}