{"id":55769,"date":"2025-12-02T16:22:39","date_gmt":"2025-12-02T22:22:39","guid":{"rendered":"https:\/\/labestiapolitica.com.mx\/?p=55769"},"modified":"2025-12-02T16:22:39","modified_gmt":"2025-12-02T22:22:39","slug":"%f0%9f%93%b0-capacitacion-y-coordinacion-de-fuerzas-armadas-mexicanas-con-eua-fortalece-a-mexico-ana-lilia-rivera","status":"publish","type":"post","link":"https:\/\/labestiapolitica.com.mx\/?p=55769","title":{"rendered":"\ud83d\udcf0 Capacitaci\u00f3n y coordinaci\u00f3n de fuerzas armadas mexicanas con EUA fortalece a M\u00e9xico: Ana Lilia Rivera"},"content":{"rendered":"<p style=\"text-align: justify;\" data-start=\"224\" data-end=\"517\">El Senado de la Rep\u00fablica aprob\u00f3 este martes la salida de tropas mexicanas a Estados Unidos para participar en programas de capacitaci\u00f3n y ejercicios binacionales, con el objetivo de fortalecer las capacidades profesionales, operativas y de coordinaci\u00f3n internacional de las Fuerzas Armadas.<\/p>\n<p style=\"text-align: justify;\" data-start=\"519\" data-end=\"796\">Tras la votaci\u00f3n, la senadora tlaxcalteca Ana Lilia Rivera Rivera reconoci\u00f3 el respaldo de la C\u00e1mara Alta y afirm\u00f3 que esta decisi\u00f3n contribuye al fortalecimiento de la interoperabilidad militar bajo principios de legalidad, respeto a la soberan\u00eda y control constitucional.<\/p>\n<p style=\"text-align: justify;\" data-start=\"798\" data-end=\"1179\">Los legisladores aprobaron dos dict\u00e1menes. El primero autoriza la capacitaci\u00f3n de las Fuerzas de Operaciones Especiales Mexicanas en territorio estadounidense del 18 de enero al 13 de marzo de 2025. El segundo permite la participaci\u00f3n de una delegaci\u00f3n militar en el ejercicio binacional \u201cFuerzas Amigas 2025\u201d, que se realizar\u00e1 del 6 al 14 de diciembre en Fort Hood, Texas.<\/p>\n<p style=\"text-align: justify;\" data-start=\"1181\" data-end=\"1402\">Rivera Rivera destac\u00f3 que estas actividades permiten el intercambio de experiencias, la estandarizaci\u00f3n de protocolos y la adopci\u00f3n de tecnolog\u00edas compatibles que fortalecen la preparaci\u00f3n del personal militar mexicano.<\/p>\n<p style=\"text-align: justify;\" data-start=\"1404\" data-end=\"1673\">\u201cEstos ejercicios forman parte de la cooperaci\u00f3n anual entre las fuerzas armadas de M\u00e9xico y Estados Unidos, encaminada a mejorar la coordinaci\u00f3n ante desastres naturales, emergencias, labores de auxilio a la poblaci\u00f3n y otros escenarios de seguridad nacional\u201d, se\u00f1al\u00f3.<\/p>\n<p style=\"text-align: justify;\" data-start=\"1675\" data-end=\"1947\">La legisladora subray\u00f3 que entrenar en ambientes multinacionales favorece el fortalecimiento de las capacidades de mando, planeaci\u00f3n, toma de decisiones y coordinaci\u00f3n operativa, lo que se traduce \u2014dijo\u2014 en instituciones m\u00e1s preparadas para proteger a las y los mexicanos.<\/p>\n<p style=\"text-align: justify;\" data-start=\"1949\" data-end=\"2134\">Con esta aprobaci\u00f3n, el Senado respalda la profesionalizaci\u00f3n continua de las fuerzas armadas, un componente esencial en la estrategia nacional de seguridad y cooperaci\u00f3n internacional.<\/p>\n<p data-start=\"1949\" data-end=\"2134\"><img loading=\"lazy\" decoding=\"async\" class=\"alignnone size-full wp-image-55701\" src=\"https:\/\/labestiapolitica.com.mx\/wp-content\/uploads\/2025\/12\/WhatsApp-Image-2025-09-09-at-1.53.55-PM-1.jpeg\" alt=\"\" width=\"940\" height=\"788\" srcset=\"https:\/\/labestiapolitica.com.mx\/wp-content\/uploads\/2025\/12\/WhatsApp-Image-2025-09-09-at-1.53.55-PM-1.jpeg 940w, https:\/\/labestiapolitica.com.mx\/wp-content\/uploads\/2025\/12\/WhatsApp-Image-2025-09-09-at-1.53.55-PM-1-300x251.jpeg 300w, https:\/\/labestiapolitica.com.mx\/wp-content\/uploads\/2025\/12\/WhatsApp-Image-2025-09-09-at-1.53.55-PM-1-768x644.jpeg 768w\" sizes=\"auto, (max-width: 940px) 100vw, 940px\" \/><\/p>\n<p data-start=\"1949\" data-end=\"2134\">\n","protected":false},"excerpt":{"rendered":"<p>El Senado de la Rep\u00fablica aprob\u00f3 este martes la salida de tropas mexicanas a Estados Unidos para participar en programas de capacitaci\u00f3n y ejercicios binacionales, con el objetivo de fortalecer las capacidades profesionales, operativas y de coordinaci\u00f3n internacional de las Fuerzas Armadas. Tras la votaci\u00f3n, la senadora tlaxcalteca Ana Lilia Rivera Rivera reconoci\u00f3 el respaldo [&hellip;]<\/p>\n","protected":false},"author":3,"featured_media":55770,"comment_status":"open","ping_status":"open","sticky":false,"template":"","format":"standard","meta":{"footnotes":""},"categories":[249,247],"tags":[],"class_list":["post-55769","post","type-post","status-publish","format-standard","has-post-thumbnail","hentry","category-morena","category-politica"],"amp_enabled":true,"_links":{"self":[{"href":"https:\/\/labestiapolitica.com.mx\/index.php?rest_route=\/wp\/v2\/posts\/55769","targetHints":{"allow":["GET"]}}],"collection":[{"href":"https:\/\/labestiapolitica.com.mx\/index.php?rest_route=\/wp\/v2\/posts"}],"about":[{"href":"https:\/\/labestiapolitica.com.mx\/index.php?rest_route=\/wp\/v2\/types\/post"}],"author":[{"embeddable":true,"href":"https:\/\/labestiapolitica.com.mx\/index.php?rest_route=\/wp\/v2\/users\/3"}],"replies":[{"embeddable":true,"href":"https:\/\/labestiapolitica.com.mx\/index.php?rest_route=%2Fwp%2Fv2%2Fcomments&post=55769"}],"version-history":[{"count":1,"href":"https:\/\/labestiapolitica.com.mx\/index.php?rest_route=\/wp\/v2\/posts\/55769\/revisions"}],"predecessor-version":[{"id":55773,"href":"https:\/\/labestiapolitica.com.mx\/index.php?rest_route=\/wp\/v2\/posts\/55769\/revisions\/55773"}],"wp:featuredmedia":[{"embeddable":true,"href":"https:\/\/labestiapolitica.com.mx\/index.php?rest_route=\/wp\/v2\/media\/55770"}],"wp:attachment":[{"href":"https:\/\/labestiapolitica.com.mx\/index.php?rest_route=%2Fwp%2Fv2%2Fmedia&parent=55769"}],"wp:term":[{"taxonomy":"category","embeddable":true,"href":"https:\/\/labestiapolitica.com.mx\/index.php?rest_route=%2Fwp%2Fv2%2Fcategories&post=55769"},{"taxonomy":"post_tag","embeddable":true,"href":"https:\/\/labestiapolitica.com.mx\/index.php?rest_route=%2Fwp%2Fv2%2Ftags&post=55769"}],"curies":[{"name":"wp","href":"https:\/\/api.w.org\/{rel}","templated":true}]}}