{"id":55808,"date":"2025-12-02T17:53:18","date_gmt":"2025-12-02T23:53:18","guid":{"rendered":"https:\/\/labestiapolitica.com.mx\/?p=55808"},"modified":"2025-12-02T17:53:18","modified_gmt":"2025-12-02T23:53:18","slug":"estudiantes-y-docentes-de-agrobiologia-uatx-participaron-en-la-noche-de-estrellas","status":"publish","type":"post","link":"https:\/\/labestiapolitica.com.mx\/?p=55808","title":{"rendered":"Estudiantes y docentes de Agrobiolog\u00eda UATx participaron en la Noche de Estrellas."},"content":{"rendered":"<ul>\n<li style=\"font-weight: 400; text-align: justify;\">Presentaron talleres enfocados en la conservaci\u00f3n de luci\u00e9rnagas y biodiversidad terrestre de Tlaxcala<\/li>\n<\/ul>\n<p style=\"font-weight: 400; text-align: justify;\">Investigadoras y estudiantes del quinto semestre de la Licenciatura en Biolog\u00eda de la Universidad Aut\u00f3noma de Tlaxcala (UATx) en coordinaci\u00f3n con los Laboratorios de Zoolog\u00eda y Agroecolog\u00eda de la Facultad de Agrobiolog\u00eda, participaron el 29 de noviembre en la\u00a0\ud835\udc0d\ud835\udc28\ud835\udc1c\ud835\udc21\ud835\udc1e\u00a0\ud835\udc1d\ud835\udc1e\u00a0\ud835\udc25\ud835\udc1a\ud835\udc2c\u00a0\ud835\udc04\ud835\udc2c\ud835\udc2d\ud835\udc2b\ud835\udc1e\ud835\udc25\ud835\udc25\ud835\udc1as, sede Tlaxcala 2025, realizada en el Palacio de Cultura.<\/p>\n<p style=\"font-weight: 400; text-align: justify;\">En la 17\u00aa edici\u00f3n de la Noche de las Estrellas 2025,\u00a0 la Secretar\u00eda de Ciencia, Humanidades, Tecnolog\u00eda e Innovaci\u00f3n (Secihti) con universidades, centros de investigaci\u00f3n, observatorios y planetarios del pa\u00eds, se conform\u00f3 una alianza estrat\u00e9gica que permiti\u00f3 transmitir, a trav\u00e9s del evento astron\u00f3mico m\u00e1s importante de M\u00e9xico, un mensaje institucional en favor de la paz y en rechazo a la violencia contra las mujeres, alcanzando todos los rincones del territorio nacional.<\/p>\n<p style=\"font-weight: 400; text-align: justify;\">Este a\u00f1o se conmemor\u00f3 el A\u00f1o Internacional de la Ciencia y la Tecnolog\u00eda Cu\u00e1nticas mediante un programa integrado por conferencias, talleres, observaciones astron\u00f3micas y actividades interactivas dirigidas a toda la familia. Dichas iniciativas ofrecieron la oportunidad de explorar la relaci\u00f3n entre las dimensiones m\u00e1s peque\u00f1as del universo y el espacio.<\/p>\n<p style=\"font-weight: 400; text-align: justify;\">Durante el desarrollo, en la sede del Palacio de Cultura, las doctoras Sandra Garc\u00eda D. Jes\u00fas y Fabiola Magdaleno, catedr\u00e1ticas de la Facultad de Agrobiolog\u00eda, impartieron una conferencia sobre la sincronizaci\u00f3n del destello de la luci\u00e9rnaga de los volcanes (Photinus palaciosi) y los factores que amenazan este mecanismo de comunicaci\u00f3n.<\/p>\n<p style=\"font-weight: 400; text-align: justify;\">Asimismo, estudiantes de quinto semestre, guiados por la Maestra Alma Deysi Mu\u00f1oz,\u00a0presentaron los talleres\u00a0\ud835\udc04\ud835\udc1c\ud835\udc28\ud835\udc2c\u00a0\ud835\udc1d\ud835\udc1e\u00a0\ud835\udc0b\ud835\udc2e\ud835\udc33\u00a0y\u00a0\ud835\udc02\ud835\udc28\ud835\udc27\ud835\udc2c\ud835\udc2d\ud835\udc1e\ud835\udc25\ud835\udc1a\ud835\udc1c\ud835\udc22\ud835\udc28\ud835\udc27\ud835\udc1e\ud835\udc2c\u00a0\ud835\udc1d\ud835\udc1e\u00a0\ud835\udc15\ud835\udc22\ud835\udc1d\ud835\udc1a, enfocados en la conservaci\u00f3n de luci\u00e9rnagas y la biodiversidad terrestre de Tlaxcala.<\/p>\n<p style=\"font-weight: 400; text-align: justify;\">Esta participaci\u00f3n fortaleci\u00f3 la divulgaci\u00f3n cient\u00edfica de la UATx y reafirm\u00f3 el compromiso de la Facultad de Agrobiolog\u00eda con la formaci\u00f3n integral de su comunidad universitaria, adem\u00e1s de socializar el conocimiento con el p\u00fablico en general.<\/p>\n","protected":false},"excerpt":{"rendered":"<p>Presentaron talleres enfocados en la conservaci\u00f3n de luci\u00e9rnagas y biodiversidad terrestre de Tlaxcala Investigadoras y estudiantes del quinto semestre de la Licenciatura en Biolog\u00eda de la Universidad Aut\u00f3noma de Tlaxcala (UATx) en coordinaci\u00f3n con los Laboratorios de Zoolog\u00eda y Agroecolog\u00eda de la Facultad de Agrobiolog\u00eda, participaron el 29 de noviembre en la\u00a0\ud835\udc0d\ud835\udc28\ud835\udc1c\ud835\udc21\ud835\udc1e\u00a0\ud835\udc1d\ud835\udc1e\u00a0\ud835\udc25\ud835\udc1a\ud835\udc2c\u00a0\ud835\udc04\ud835\udc2c\ud835\udc2d\ud835\udc2b\ud835\udc1e\ud835\udc25\ud835\udc25\ud835\udc1as, sede Tlaxcala 2025, [&hellip;]<\/p>\n","protected":false},"author":5,"featured_media":55809,"comment_status":"open","ping_status":"open","sticky":false,"template":"","format":"standard","meta":{"footnotes":""},"categories":[213,241],"tags":[],"class_list":["post-55808","post","type-post","status-publish","format-standard","has-post-thumbnail","hentry","category-educacion","category-uatx"],"amp_enabled":true,"_links":{"self":[{"href":"https:\/\/labestiapolitica.com.mx\/index.php?rest_route=\/wp\/v2\/posts\/55808","targetHints":{"allow":["GET"]}}],"collection":[{"href":"https:\/\/labestiapolitica.com.mx\/index.php?rest_route=\/wp\/v2\/posts"}],"about":[{"href":"https:\/\/labestiapolitica.com.mx\/index.php?rest_route=\/wp\/v2\/types\/post"}],"author":[{"embeddable":true,"href":"https:\/\/labestiapolitica.com.mx\/index.php?rest_route=\/wp\/v2\/users\/5"}],"replies":[{"embeddable":true,"href":"https:\/\/labestiapolitica.com.mx\/index.php?rest_route=%2Fwp%2Fv2%2Fcomments&post=55808"}],"version-history":[{"count":1,"href":"https:\/\/labestiapolitica.com.mx\/index.php?rest_route=\/wp\/v2\/posts\/55808\/revisions"}],"predecessor-version":[{"id":55810,"href":"https:\/\/labestiapolitica.com.mx\/index.php?rest_route=\/wp\/v2\/posts\/55808\/revisions\/55810"}],"wp:featuredmedia":[{"embeddable":true,"href":"https:\/\/labestiapolitica.com.mx\/index.php?rest_route=\/wp\/v2\/media\/55809"}],"wp:attachment":[{"href":"https:\/\/labestiapolitica.com.mx\/index.php?rest_route=%2Fwp%2Fv2%2Fmedia&parent=55808"}],"wp:term":[{"taxonomy":"category","embeddable":true,"href":"https:\/\/labestiapolitica.com.mx\/index.php?rest_route=%2Fwp%2Fv2%2Fcategories&post=55808"},{"taxonomy":"post_tag","embeddable":true,"href":"https:\/\/labestiapolitica.com.mx\/index.php?rest_route=%2Fwp%2Fv2%2Ftags&post=55808"}],"curies":[{"name":"wp","href":"https:\/\/api.w.org\/{rel}","templated":true}]}}