{"id":55923,"date":"2025-12-03T18:20:51","date_gmt":"2025-12-04T00:20:51","guid":{"rendered":"https:\/\/labestiapolitica.com.mx\/?p=55923"},"modified":"2025-12-03T18:20:51","modified_gmt":"2025-12-04T00:20:51","slug":"establecen-tja-y-cedh-alianza-para-fortalecer-el-estado-de-derecho-en-el-ambito-administrativo","status":"publish","type":"post","link":"https:\/\/labestiapolitica.com.mx\/?p=55923","title":{"rendered":"Establecen TJA y CEDH alianza para fortalecer el Estado de Derecho en el \u00e1mbito administrativo."},"content":{"rendered":"<p style=\"text-align: justify;\">El Tribunal de Justicia Administrativa del Estado de Tlaxcala (TJA) sign\u00f3 un convenio de colaboraci\u00f3n institucional con la Comisi\u00f3n Estatal de Derechos Humanos de Tlaxcala (CEDH), con el objetivo de fortalecer entre las personas servidoras p\u00fablicas la promoci\u00f3n, respeto, protecci\u00f3n y garant\u00eda de los derechos humanos dentro del \u00e1mbito administrativo.<\/p>\n<p style=\"text-align: justify;\">Durante su mensaje, el Magistrado Presidente, Manuel V\u00e1zquez Conchas, agradeci\u00f3 el compromiso de la CEDH para formalizar este convenio, \u201ceste es un paso muy importante para la justicia administrativa en el estado, pero tambi\u00e9n para la transparencia y promoci\u00f3n de los derechos humanos\u201d.<\/p>\n<p style=\"text-align: justify;\">Puntualiz\u00f3 que, con ello se busca fortalecer las acciones que tienen que ver con la responsabilidad administrativa, a fin de garantizar que el personal act\u00fae con integridad y respeto pleno a los derechos de todas y todos.<\/p>\n<p style=\"text-align: justify;\">A su vez, la Magistrada, Luz Mar\u00eda V\u00e1zquez \u00c1vila, reconoci\u00f3 la disposici\u00f3n de la Presidenta de la CEDH, Jakqueline Ordo\u00f1ez Brasdefer para concretar este trabajo colaborativo, toda vez que el respeto a los derechos humanos es y debe ser parte de la sensibilizaci\u00f3n y compromiso de las y los servidores p\u00fablicos.<\/p>\n<p style=\"text-align: justify;\">En tanto, la ombudsperson Ordo\u00f1ez Brasdefer, sostuvo que, \u201cesta firma de convenio representa el compromiso que tenemos como personas servidoras p\u00fablicas con la ciudadan\u00eda, para dar cumplimiento a las obligaciones en materia de derechos humanos\u201d.<\/p>\n<p style=\"text-align: justify;\">Este acuerdo tiene el prop\u00f3sito de generar estrategias conjuntas que permitan prevenir violaciones a los derechos humanos, mejorar la atenci\u00f3n a la ciudadan\u00eda y promover una cultura de legalidad y justicia, adem\u00e1s de impulsar procesos de capacitaci\u00f3n y profesionalizaci\u00f3n dirigidos al personal de este \u00f3rgano jurisdiccional, orientados a la incorporaci\u00f3n plena del enfoque de derechos humanos en su quehacer diario.<\/p>\n<p style=\"text-align: justify;\">Acudieron la Magistrada del TJA, Martha Zenteno Ram\u00edrez y el director del Instituto de Especializaci\u00f3n en Justicia Administrativa, Jes\u00fas Z\u00fa\u00f1iga Gonz\u00e1lez; los consejeros de la CEDH, Agust\u00edn Flores Pe\u00f1a, Fernando George Zecua y Jes\u00fas Rivera Pantoja, as\u00ed como la secretaria t\u00e9cnica, Rossana Rubio Marchetti y de la Secretar\u00eda Ejecutiva, Jos\u00e9 S\u00e1nchez S\u00e1nchez.<\/p>\n","protected":false},"excerpt":{"rendered":"<p>El Tribunal de Justicia Administrativa del Estado de Tlaxcala (TJA) sign\u00f3 un convenio de colaboraci\u00f3n institucional con la Comisi\u00f3n Estatal de Derechos Humanos de Tlaxcala (CEDH), con el objetivo de fortalecer entre las personas servidoras p\u00fablicas la promoci\u00f3n, respeto, protecci\u00f3n y garant\u00eda de los derechos humanos dentro del \u00e1mbito administrativo. Durante su mensaje, el Magistrado [&hellip;]<\/p>\n","protected":false},"author":5,"featured_media":55924,"comment_status":"open","ping_status":"open","sticky":false,"template":"","format":"standard","meta":{"footnotes":""},"categories":[232],"tags":[],"class_list":["post-55923","post","type-post","status-publish","format-standard","has-post-thumbnail","hentry","category-derechos-humanos-tlaxcala"],"amp_enabled":true,"_links":{"self":[{"href":"https:\/\/labestiapolitica.com.mx\/index.php?rest_route=\/wp\/v2\/posts\/55923","targetHints":{"allow":["GET"]}}],"collection":[{"href":"https:\/\/labestiapolitica.com.mx\/index.php?rest_route=\/wp\/v2\/posts"}],"about":[{"href":"https:\/\/labestiapolitica.com.mx\/index.php?rest_route=\/wp\/v2\/types\/post"}],"author":[{"embeddable":true,"href":"https:\/\/labestiapolitica.com.mx\/index.php?rest_route=\/wp\/v2\/users\/5"}],"replies":[{"embeddable":true,"href":"https:\/\/labestiapolitica.com.mx\/index.php?rest_route=%2Fwp%2Fv2%2Fcomments&post=55923"}],"version-history":[{"count":1,"href":"https:\/\/labestiapolitica.com.mx\/index.php?rest_route=\/wp\/v2\/posts\/55923\/revisions"}],"predecessor-version":[{"id":55925,"href":"https:\/\/labestiapolitica.com.mx\/index.php?rest_route=\/wp\/v2\/posts\/55923\/revisions\/55925"}],"wp:featuredmedia":[{"embeddable":true,"href":"https:\/\/labestiapolitica.com.mx\/index.php?rest_route=\/wp\/v2\/media\/55924"}],"wp:attachment":[{"href":"https:\/\/labestiapolitica.com.mx\/index.php?rest_route=%2Fwp%2Fv2%2Fmedia&parent=55923"}],"wp:term":[{"taxonomy":"category","embeddable":true,"href":"https:\/\/labestiapolitica.com.mx\/index.php?rest_route=%2Fwp%2Fv2%2Fcategories&post=55923"},{"taxonomy":"post_tag","embeddable":true,"href":"https:\/\/labestiapolitica.com.mx\/index.php?rest_route=%2Fwp%2Fv2%2Ftags&post=55923"}],"curies":[{"name":"wp","href":"https:\/\/api.w.org\/{rel}","templated":true}]}}