{"id":55994,"date":"2025-12-04T13:53:41","date_gmt":"2025-12-04T19:53:41","guid":{"rendered":"https:\/\/labestiapolitica.com.mx\/?p=55994"},"modified":"2025-12-04T16:00:07","modified_gmt":"2025-12-04T22:00:07","slug":"doble-homicidio-conmociona-zacatelco-alcalde-llama-a-la-calma-y-anuncia-refuerzo-en-coordinacion","status":"publish","type":"post","link":"https:\/\/labestiapolitica.com.mx\/?p=55994","title":{"rendered":"Doble homicidio conmociona Zacatelco; alcalde llama a la calma y anuncia refuerzo en coordinaci\u00f3n"},"content":{"rendered":"<ul>\n<li class=\"p2\" style=\"text-align: justify;\"><span class=\"s1\">Tras el asesinato de una pareja en Zacatelco, el presidente municipal Jos\u00e9 Miguel Acatzi Luna afirm\u00f3 que la autoridad no est\u00e1 sobrepasada, calific\u00f3 el hecho como \u00abaislado\u00bb y alert\u00f3 sobre intentos de extorsi\u00f3n a ra\u00edz del crimen.<\/span><\/li>\n<\/ul>\n<p class=\"p2\" style=\"text-align: justify;\"><span class=\"s1\">Mariana LOVERA\/\/ Luego de la ejecuci\u00f3n de una pareja la noche del mi\u00e9rcoles en Zacatelco, el alcalde, Jos\u00e9 Miguel Acatzi Luna, asegur\u00f3 que su administraci\u00f3n colaborar\u00e1 con la Fiscal\u00eda para esclarecer los hechos, reforzar\u00e1 la coordinaci\u00f3n con fuerzas estatales y federales, y llam\u00f3 a la ciudadan\u00eda a no dejarse intimidar por extorsiones que han surgido tras el violento episodio.<\/span><\/p>\n<p class=\"p2\" style=\"text-align: justify;\"><span class=\"s1\">En entrevista, el edil se refiri\u00f3 a la hip\u00f3tesis manejada por el secretario de Gobierno estatal sobre una posible vinculaci\u00f3n con el narcomenudeo, pero se abstuvo de confirmarla, subrayando que corresponde a la Fiscal\u00eda General de Justicia del Estado la investigaci\u00f3n. \u201cNo nos corresponde a nosotros hacer labor de investigaci\u00f3n ni declaraciones adelantadas\u201d, afirm\u00f3.<\/span><\/p>\n<p class=\"p2\" style=\"text-align: justify;\"><span class=\"s1\">Acatzi Luna destac\u00f3 el trabajo conjunto que ya mantienen con la Secretar\u00eda de Seguridad Ciudadana y la Guardia Nacional \u2013que tiene destacamento en el municipio\u2013 y anunci\u00f3 que, a ra\u00edz de los hechos, se gestionar\u00e1 una mesa de trabajo con el gobierno del estado para fortalecer v\u00ednculos y solicitar mayor presencia de la corporaci\u00f3n federal. Incluso, no descart\u00f3 pedir el apoyo del Ej\u00e9rcito si fuera necesario.<\/span><\/p>\n<p class=\"p2\" style=\"text-align: justify;\"><span class=\"s1\">Sin embargo, descart\u00f3 la necesidad de un \u201cmando coordinado\u201d en este momento. \u201cEl tema de la seguridad lo tiene el municipio. La verdad es que hemos hecho un trabajo muy coordinado\u2026 hasta ahorita no habr\u00eda raz\u00f3n para ello\u201d, asever\u00f3, negando que la autoridad local est\u00e9 sobrepasada y calificando el crimen como un hecho \u201caislado\u201d.<\/span><\/p>\n<p class=\"p2\" style=\"text-align: justify;\"><span class=\"s1\">El presidente municipal revel\u00f3 un efecto colateral preocupante: \u201cHoy hemos recibido ya dos, tres reportes de ciudadanos que dicen haber recibido mensajes o llamadas con intentos de extorsi\u00f3n, diciendo que si no quieren que pase lo mismo\u2026 se reporte a un n\u00famero de cuenta\u201d.<\/span><\/p>\n<p class=\"p2\" style=\"text-align: justify;\"><span class=\"s1\">Desde ya, hizo un llamado p\u00fablico a no caer en estos enga\u00f1os y a reportarlos al 911, al 089 o a la Direcci\u00f3n de Seguridad P\u00fablica Municipal. \u201cEl \u00fanico compromiso que yo tengo es con la ciudadan\u00eda\u201d, recalc\u00f3, pidiendo confianza en la polic\u00eda local pero tambi\u00e9n una participaci\u00f3n m\u00e1s activa de los vecinos en la prevenci\u00f3n.<\/span><\/p>\n<p class=\"p2\" style=\"text-align: justify;\"><span class=\"s1\"><br \/>\n<\/span>Los hechos<\/p>\n<p class=\"p2\" style=\"text-align: justify;\"><span class=\"s1\">El ataque ocurri\u00f3 minutos antes de las 19:00 horas del 3 de diciembre, afuera de la panader\u00eda \u201cLa Berlinesa\u201d, en la calle Domingo Arenas Sur de Xochicalco. Un hombre armado, que actu\u00f3 solo, dispar\u00f3 contra tres personas. Nayeli N. y Noe N., de aproximadamente 35 a\u00f1os, perdieron la vida; mientras que Antonio N., de 31, result\u00f3 herido. El agresor huy\u00f3 en motocicleta con rumbo a Puebla, seg\u00fan los primeros reportes. La Fiscal\u00eda estatal ya inici\u00f3 una carpeta de investigaci\u00f3n para determinar el m\u00f3vil y localizar al responsable.<\/span><\/p>\n","protected":false},"excerpt":{"rendered":"<p>Tras el asesinato de una pareja en Zacatelco, el presidente municipal Jos\u00e9 Miguel Acatzi Luna afirm\u00f3 que la autoridad no est\u00e1 sobrepasada, calific\u00f3 el hecho como \u00abaislado\u00bb y alert\u00f3 sobre intentos de extorsi\u00f3n a ra\u00edz del crimen. Mariana LOVERA\/\/ Luego de la ejecuci\u00f3n de una pareja la noche del mi\u00e9rcoles en Zacatelco, el alcalde, Jos\u00e9 [&hellip;]<\/p>\n","protected":false},"author":6,"featured_media":55997,"comment_status":"open","ping_status":"open","sticky":false,"template":"","format":"standard","meta":{"footnotes":""},"categories":[3,216,217],"tags":[],"class_list":["post-55994","post","type-post","status-publish","format-standard","has-post-thumbnail","hentry","category-8-columnas","category-municipios","category-zacatelco"],"amp_enabled":true,"_links":{"self":[{"href":"https:\/\/labestiapolitica.com.mx\/index.php?rest_route=\/wp\/v2\/posts\/55994","targetHints":{"allow":["GET"]}}],"collection":[{"href":"https:\/\/labestiapolitica.com.mx\/index.php?rest_route=\/wp\/v2\/posts"}],"about":[{"href":"https:\/\/labestiapolitica.com.mx\/index.php?rest_route=\/wp\/v2\/types\/post"}],"author":[{"embeddable":true,"href":"https:\/\/labestiapolitica.com.mx\/index.php?rest_route=\/wp\/v2\/users\/6"}],"replies":[{"embeddable":true,"href":"https:\/\/labestiapolitica.com.mx\/index.php?rest_route=%2Fwp%2Fv2%2Fcomments&post=55994"}],"version-history":[{"count":1,"href":"https:\/\/labestiapolitica.com.mx\/index.php?rest_route=\/wp\/v2\/posts\/55994\/revisions"}],"predecessor-version":[{"id":55998,"href":"https:\/\/labestiapolitica.com.mx\/index.php?rest_route=\/wp\/v2\/posts\/55994\/revisions\/55998"}],"wp:featuredmedia":[{"embeddable":true,"href":"https:\/\/labestiapolitica.com.mx\/index.php?rest_route=\/wp\/v2\/media\/55997"}],"wp:attachment":[{"href":"https:\/\/labestiapolitica.com.mx\/index.php?rest_route=%2Fwp%2Fv2%2Fmedia&parent=55994"}],"wp:term":[{"taxonomy":"category","embeddable":true,"href":"https:\/\/labestiapolitica.com.mx\/index.php?rest_route=%2Fwp%2Fv2%2Fcategories&post=55994"},{"taxonomy":"post_tag","embeddable":true,"href":"https:\/\/labestiapolitica.com.mx\/index.php?rest_route=%2Fwp%2Fv2%2Ftags&post=55994"}],"curies":[{"name":"wp","href":"https:\/\/api.w.org\/{rel}","templated":true}]}}