{"id":55999,"date":"2025-12-04T14:19:38","date_gmt":"2025-12-04T20:19:38","guid":{"rendered":"https:\/\/labestiapolitica.com.mx\/?p=55999"},"modified":"2025-12-04T15:59:44","modified_gmt":"2025-12-04T21:59:44","slug":"atender-delitos-y-combatir-la-desinformacion-retos-para-reducir-la-percepcion-de-inseguridad-segob","status":"publish","type":"post","link":"https:\/\/labestiapolitica.com.mx\/?p=55999","title":{"rendered":"Atender delitos y combatir la desinformaci\u00f3n, retos para reducir la percepci\u00f3n de inseguridad: SEGOB"},"content":{"rendered":"<ul>\n<li class=\"p1\" style=\"text-align: justify;\">Luis Antonio Ram\u00edrez asegura que acompa\u00f1ar\u00e1n a v\u00edctimas para fomentar denuncias y cerrar la distancia entre las cifras de disminuci\u00f3n del delito y la sensaci\u00f3n de inseguridad.<\/li>\n<\/ul>\n<p class=\"p1\" style=\"text-align: justify;\"><span class=\"s1\">Mariana LOVERA\/\/ Tras los violentos eventos registrados en las \u00faltimas horas , el Secretario de Gobierno, Luis Antonio Ram\u00edrez, concedi\u00f3 una entrevista en la que abord\u00f3 la investigaci\u00f3n de los hechos y reconoci\u00f3 el desaf\u00edo de cerrar la brecha entre los datos oficiales de seguridad y la percepci\u00f3n ciudadana.<\/span><\/p>\n<p class=\"p1\" style=\"text-align: justify;\"><span class=\"s1\">Al ser cuestionado sobre los cuerpos localizados en la zona lim\u00edtrofe con Puebla y el asesinato de una pareja en una pasteler\u00eda de Zacatelco, Ram\u00edrez detall\u00f3 los mecanismos de coordinaci\u00f3n. Para el primer caso, explic\u00f3 que se activ\u00f3 de inmediato una colaboraci\u00f3n con el gobierno de Puebla, y que la Fiscal\u00eda de Tlaxcala ya trabaja en coordinaci\u00f3n con su hom\u00f3loga poblana, la cual cuenta con investigaciones previas que podr\u00edan vincularse al hallazgo.<\/span><\/p>\n<p class=\"p1\" style=\"text-align: justify;\"><span class=\"s1\">Respecto al crimen en Zacatelco, el funcionario estatal indic\u00f3 que, si bien corresponde a la Fiscal\u00eda General del Estado precisarlo, existen indicios preliminares que lo relacionan con un mecanismo de narcomenudeo.<\/span><\/p>\n<p class=\"p1\" style=\"text-align: justify;\"><span class=\"s1\">Frente a la aparente contradicci\u00f3n entre los reportes oficiales que se\u00f1alan 38 meses a la baja en incidencia delictiva y la ocurrencia diaria de eventos violentos, sumado a una posible cifra negra de delitos no denunciados, el Secretario enfatiz\u00f3 la estrategia del gobierno estatal.<\/span><\/p>\n<p class=\"p1\" style=\"text-align: justify;\"><span class=\"s1\">\u00ab\u00bfC\u00f3mo disminuir la brecha entre el dato y la percepci\u00f3n?\u00bb, Su respuesta se centr\u00f3 en dos compromisos: atender los delitos no denunciados por falta de asesor\u00eda y combatir la desinformaci\u00f3n o el miedo.<\/span><\/p>\n<p class=\"p1\" style=\"text-align: justify;\"><span class=\"s1\">Para lo primero, ofreci\u00f3 el acompa\u00f1amiento pleno de la Direcci\u00f3n de Defensor\u00eda Jur\u00eddica y Asesor\u00eda de la Secretar\u00eda de Gobierno, as\u00ed como de la Comisi\u00f3n Estatal de V\u00edctimas, para que cualquier persona pueda presentar una denuncia con respaldo legal, incluso de manera an\u00f3nima o en instalaciones seguras.<\/span><\/p>\n<p class=\"p1\" style=\"text-align: justify;\"><span class=\"s1\">Para lo segundo, narr\u00f3 una an\u00e9cdota de un recorrido con la gobernadora, donde una joven afirm\u00f3 no ser v\u00edctima ni conocer casos directos, pero citaba a los medios de comunicaci\u00f3n como fuente de su percepci\u00f3n de alta inseguridad. A ella, dijo, se le brind\u00f3 una tarjeta con contacto directo y ahora est\u00e1 recibiendo asistencia para su familia.<\/span><\/p>\n<p class=\"p1\" style=\"text-align: justify;\"><span class=\"s1\">\u00abCreo que eso nos permitir\u00eda reflejar que, en conjunto&#8230; la cercan\u00eda que tengamos con la ciudadan\u00eda, el acompa\u00f1amiento de la presentaci\u00f3n de denuncias y todas las acciones ayudar\u00e1n a que la percepci\u00f3n de identificaci\u00f3n no sea contrastante con los datos oficiales\u00bb, afirm\u00f3.<\/span><\/p>\n<p class=\"p1\" style=\"text-align: justify;\"><span class=\"s1\">El Secretario Ram\u00edrez anunci\u00f3 que llevar\u00e1 esta estrategia a los 60 ayuntamientos, reactivando los consejos municipales de seguridad con la participaci\u00f3n de empresarios, iglesias y colectivos, para escuchar casos directamente y generar una acci\u00f3n colectiva.<\/span><\/p>\n<p class=\"p1\" style=\"text-align: justify;\"><span class=\"s1\">Finalmente, reafirm\u00f3 el compromiso de la administraci\u00f3n: \u00abTenemos el compromiso hasta el \u00faltimo d\u00eda de este gobierno de continuar acompa\u00f1ando que ninguna v\u00edctima se quede sin atenci\u00f3n, que ning\u00fan delito deje de ser investigado y, por supuesto, seguir cerrando la brecha hacia las comunidades\u00bb.<\/span><\/p>\n","protected":false},"excerpt":{"rendered":"<p>Luis Antonio Ram\u00edrez asegura que acompa\u00f1ar\u00e1n a v\u00edctimas para fomentar denuncias y cerrar la distancia entre las cifras de disminuci\u00f3n del delito y la sensaci\u00f3n de inseguridad. Mariana LOVERA\/\/ Tras los violentos eventos registrados en las \u00faltimas horas , el Secretario de Gobierno, Luis Antonio Ram\u00edrez, concedi\u00f3 una entrevista en la que abord\u00f3 la investigaci\u00f3n [&hellip;]<\/p>\n","protected":false},"author":6,"featured_media":56000,"comment_status":"open","ping_status":"open","sticky":false,"template":"","format":"standard","meta":{"footnotes":""},"categories":[3,7],"tags":[],"class_list":["post-55999","post","type-post","status-publish","format-standard","has-post-thumbnail","hentry","category-8-columnas","category-ciudadanos"],"amp_enabled":true,"_links":{"self":[{"href":"https:\/\/labestiapolitica.com.mx\/index.php?rest_route=\/wp\/v2\/posts\/55999","targetHints":{"allow":["GET"]}}],"collection":[{"href":"https:\/\/labestiapolitica.com.mx\/index.php?rest_route=\/wp\/v2\/posts"}],"about":[{"href":"https:\/\/labestiapolitica.com.mx\/index.php?rest_route=\/wp\/v2\/types\/post"}],"author":[{"embeddable":true,"href":"https:\/\/labestiapolitica.com.mx\/index.php?rest_route=\/wp\/v2\/users\/6"}],"replies":[{"embeddable":true,"href":"https:\/\/labestiapolitica.com.mx\/index.php?rest_route=%2Fwp%2Fv2%2Fcomments&post=55999"}],"version-history":[{"count":1,"href":"https:\/\/labestiapolitica.com.mx\/index.php?rest_route=\/wp\/v2\/posts\/55999\/revisions"}],"predecessor-version":[{"id":56001,"href":"https:\/\/labestiapolitica.com.mx\/index.php?rest_route=\/wp\/v2\/posts\/55999\/revisions\/56001"}],"wp:featuredmedia":[{"embeddable":true,"href":"https:\/\/labestiapolitica.com.mx\/index.php?rest_route=\/wp\/v2\/media\/56000"}],"wp:attachment":[{"href":"https:\/\/labestiapolitica.com.mx\/index.php?rest_route=%2Fwp%2Fv2%2Fmedia&parent=55999"}],"wp:term":[{"taxonomy":"category","embeddable":true,"href":"https:\/\/labestiapolitica.com.mx\/index.php?rest_route=%2Fwp%2Fv2%2Fcategories&post=55999"},{"taxonomy":"post_tag","embeddable":true,"href":"https:\/\/labestiapolitica.com.mx\/index.php?rest_route=%2Fwp%2Fv2%2Ftags&post=55999"}],"curies":[{"name":"wp","href":"https:\/\/api.w.org\/{rel}","templated":true}]}}