{"id":56019,"date":"2025-12-04T15:45:46","date_gmt":"2025-12-04T21:45:46","guid":{"rendered":"https:\/\/labestiapolitica.com.mx\/?p=56019"},"modified":"2025-12-15T23:04:51","modified_gmt":"2025-12-16T05:04:51","slug":"diputada-del-pan-advierte-golpe-de-estado-hidrico-acusa-a-morena-de-centralizar-el-agua-y-traicionar-al-campo","status":"publish","type":"post","link":"https:\/\/labestiapolitica.com.mx\/?p=56019","title":{"rendered":"\u00abDiputada del PAN advierte &#8216;golpe de Estado h\u00eddrico&#8217;: acusa a Morena de centralizar el agua y traicionar al campo\u00bb"},"content":{"rendered":"<ul>\n<li class=\"p1\" style=\"text-align: justify;\">Miriam Mart\u00ednez denuncia que la aprobaci\u00f3n de la Ley de Aguas despoja a comunidades, criminaliza a campesinos y consolida el control centralista del gobierno federal.<\/li>\n<\/ul>\n<p class=\"p1\" style=\"text-align: justify;\"><span class=\"s1\">Mariana LOVERA\/\/ En una sesi\u00f3n marcada por protestas y acusaciones de opacidad, la C\u00e1mara de Diputados federal aprob\u00f3 la reforma a la Ley de Aguas Nacionales, impulsada por Morena y sus aliados. Ante esto, la diputada local panista, Miriam Mart\u00ednez, elev\u00f3 una contundente voz de rechazo, calificando la medida como un \u00abgolpe de Estado h\u00eddrico\u00bb que entrega el control absoluto del agua a la federaci\u00f3n, despoja a los pueblos y traiciona al sector rural.<\/span><\/p>\n<p class=\"p1\" style=\"text-align: justify;\"><span class=\"s1\">En un discurso cargado de cr\u00edtica, Mart\u00ednez afirm\u00f3 que la reforma fue impulsada con un \u00abestilo atropellado\u00bb y \u00abfast track en oscuridad\u00bb, sin consenso social, di\u00e1logo ni consulta a los pueblos originarios, violando as\u00ed mandatos constitucionales. \u00abHoy, Morena y sus aliados aprobaron algo realmente y profundamente peligroso\u00bb, declar\u00f3. \u00abAprobaron que el agua de M\u00e9xico, de Tlaxcala, ya no dependa de su gente\u00bb.<\/span><\/p>\n<p class=\"p1\" style=\"text-align: justify;\"><span class=\"s1\">La legisladora advirti\u00f3 que, con esta reforma, \u00abni un vaso, ni un riego, ni un pozo, ni una concesi\u00f3n\u00bb podr\u00e1 disponerse sin la autorizaci\u00f3n de un bur\u00f3crata en la Ciudad de M\u00e9xico. Acus\u00f3 al gobierno de estar \u00abcapturado por intereses empresariales\u00bb, al buscar extinguir miles de concesiones peque\u00f1as y familiares, mientras protege a grandes vol\u00famenes de agua en manos de unos pocos.<\/span><\/p>\n<p class=\"p1\" style=\"text-align: justify;\"><span class=\"s1\">\u00abEl peligro de la c\u00e1rcel para nuestros campesinos es el pago que el gobierno les dar\u00e1\u00bb, alert\u00f3, subrayando que la incertidumbre jur\u00eddica dejar\u00e1 a los productores sin posibilidad de planear el futuro. \u00abEsto duele, le duele a M\u00e9xico y lo estamos viendo en los bloqueos\u00bb, afirm\u00f3, en referencia a las movilizaciones que han surgido en varias partes del pa\u00eds.<\/span><\/p>\n<p class=\"p1\" style=\"text-align: justify;\"><span class=\"s1\">Mart\u00ednez destac\u00f3 que acad\u00e9micos, activistas y organizaciones que por m\u00e1s de 13 a\u00f1os lucharon por una ley que garantice el derecho humano al agua fueron \u00abignorados y despreciados\u00bb por la Comisi\u00f3n Nacional del Agua (Conagua) y el oficialismo. \u00abLegislan para su \u00e9lite, no para la gente de a pie\u00bb, sentenci\u00f3.<\/span><\/p>\n<p class=\"p1\" style=\"text-align: justify;\"><span class=\"s1\">La diputada recalc\u00f3 que la reforma constituye un \u00abgolpe contra la Constituci\u00f3n, contra los municipios, contra las comunidades ind\u00edgenas, contra el campo y contra la gente\u00bb. Hizo un llamado a defender la soberan\u00eda h\u00eddrica desde su \u00abtrinchera\u00bb, asegurando que el agua debe seguir siendo un \u00ablegado sagrado\u00bb en manos de quienes hist\u00f3ricamente la han cuidado.<\/span><\/p>\n<p class=\"p1\" style=\"text-align: justify;\"><span class=\"s1\">Con la advertencia de que \u00abesta pu\u00f1alada\u00bb podr\u00eda profundizarse en el Senado de la Rep\u00fablica, Mart\u00ednez cerr\u00f3 su intervenci\u00f3n con un mensaje de resistencia: \u00abAqu\u00ed lo que es de Tlaxcala es para Tlaxcala. Defendamos el agua que es de todos. Defendamos a nuestra gente. Aqu\u00ed nadie se raja y el pueblo ya despert\u00f3\u00bb.<\/span><\/p>\n<p class=\"p1\" style=\"text-align: justify;\"><span class=\"s1\">La reforma avanza as\u00ed hacia su siguiente etapa legislativa, en medio de una polarizaci\u00f3n que evidencia el profundo desacuerdo sobre el modelo de gesti\u00f3n del recurso m\u00e1s vital para el pa\u00eds.<\/span><\/p>\n","protected":false},"excerpt":{"rendered":"<p>Miriam Mart\u00ednez denuncia que la aprobaci\u00f3n de la Ley de Aguas despoja a comunidades, criminaliza a campesinos y consolida el control centralista del gobierno federal. Mariana LOVERA\/\/ En una sesi\u00f3n marcada por protestas y acusaciones de opacidad, la C\u00e1mara de Diputados federal aprob\u00f3 la reforma a la Ley de Aguas Nacionales, impulsada por Morena y [&hellip;]<\/p>\n","protected":false},"author":6,"featured_media":56020,"comment_status":"open","ping_status":"open","sticky":false,"template":"","format":"standard","meta":{"footnotes":""},"categories":[3,248,247],"tags":[],"class_list":["post-56019","post","type-post","status-publish","format-standard","has-post-thumbnail","hentry","category-8-columnas","category-pan","category-politica"],"amp_enabled":true,"_links":{"self":[{"href":"https:\/\/labestiapolitica.com.mx\/index.php?rest_route=\/wp\/v2\/posts\/56019","targetHints":{"allow":["GET"]}}],"collection":[{"href":"https:\/\/labestiapolitica.com.mx\/index.php?rest_route=\/wp\/v2\/posts"}],"about":[{"href":"https:\/\/labestiapolitica.com.mx\/index.php?rest_route=\/wp\/v2\/types\/post"}],"author":[{"embeddable":true,"href":"https:\/\/labestiapolitica.com.mx\/index.php?rest_route=\/wp\/v2\/users\/6"}],"replies":[{"embeddable":true,"href":"https:\/\/labestiapolitica.com.mx\/index.php?rest_route=%2Fwp%2Fv2%2Fcomments&post=56019"}],"version-history":[{"count":1,"href":"https:\/\/labestiapolitica.com.mx\/index.php?rest_route=\/wp\/v2\/posts\/56019\/revisions"}],"predecessor-version":[{"id":56021,"href":"https:\/\/labestiapolitica.com.mx\/index.php?rest_route=\/wp\/v2\/posts\/56019\/revisions\/56021"}],"wp:featuredmedia":[{"embeddable":true,"href":"https:\/\/labestiapolitica.com.mx\/index.php?rest_route=\/wp\/v2\/media\/56020"}],"wp:attachment":[{"href":"https:\/\/labestiapolitica.com.mx\/index.php?rest_route=%2Fwp%2Fv2%2Fmedia&parent=56019"}],"wp:term":[{"taxonomy":"category","embeddable":true,"href":"https:\/\/labestiapolitica.com.mx\/index.php?rest_route=%2Fwp%2Fv2%2Fcategories&post=56019"},{"taxonomy":"post_tag","embeddable":true,"href":"https:\/\/labestiapolitica.com.mx\/index.php?rest_route=%2Fwp%2Fv2%2Ftags&post=56019"}],"curies":[{"name":"wp","href":"https:\/\/api.w.org\/{rel}","templated":true}]}}