{"id":56022,"date":"2025-12-04T15:52:48","date_gmt":"2025-12-04T21:52:48","guid":{"rendered":"https:\/\/labestiapolitica.com.mx\/?p=56022"},"modified":"2025-12-04T15:52:48","modified_gmt":"2025-12-04T21:52:48","slug":"la-historia-nos-esta-observando-diputada-laura-flores-llama-a-garantizar-los-derechos-de-las-mujeres","status":"publish","type":"post","link":"https:\/\/labestiapolitica.com.mx\/?p=56022","title":{"rendered":"La historia nos est\u00e1 observando: diputada Laura Flores llama a garantizar los derechos de las mujeres"},"content":{"rendered":"<p class=\"s3\" style=\"text-align: justify;\"><span class=\"s4\">La diputada <\/span><span class=\"s5\">Laura Yamili Flores<\/span><span class=\"s4\"> hizo un llamado firme al Congreso del Estado para asumir su responsabilidad constitucional y armonizar la legislaci\u00f3n local, luego de que la <\/span><span class=\"s5\">Suprema Corte de Justicia de la Naci\u00f3n (SCJN)<\/span><span class=\"s4\">determin\u00f3 que penalizar el aborto es inconstitucional y que las mujeres deben poder interrumpir un embarazo sin obst\u00e1culos legales.<\/span><\/p>\n<p class=\"s3\" style=\"text-align: justify;\"><span class=\"s4\">Durante su posicionamiento en sesi\u00f3n del Pleno, <\/span><span class=\"s4\">Laura <\/span><span class=\"s4\">Flores afirm\u00f3 que la resoluci\u00f3n de la Corte \u201ccorrige una omisi\u00f3n hist\u00f3rica\u201d y evidencia que Tlaxcala lleg\u00f3 tarde por falta de voluntad pol\u00edtica.<\/span><\/p>\n<p class=\"s6\" style=\"text-align: justify;\"><span class=\"s5\">\u201cNo basta con celebrar la decisi\u00f3n de la Corte: Tlaxcala llega tarde, y llegamos tarde por omisi\u00f3n. Durante a\u00f1os hubo quienes tuvieron miedo, prejuicios o conveniencia pol\u00edtica para no legislar. Hoy la Corte nos corrige porque este Congreso no quiso corregirse a s\u00ed mismo.\u201d<\/span><\/p>\n<p class=\"s3\" style=\"text-align: justify;\"><span class=\"s4\">La legisladora destac\u00f3 que la sentencia del m\u00e1ximo tribunal confirma una demanda de a\u00f1os por parte de colectivas feministas y organizaciones sociales: <\/span><span class=\"s5\">derogar los art\u00edculos del C\u00f3digo Penal que criminalizan a las mujeres<\/span><span class=\"s4\"> y eliminar disposiciones de la Ley de Salud que exig\u00edan autorizaci\u00f3n del Ministerio P\u00fablico para acceder a un procedimiento de interrupci\u00f3n del embarazo.<\/span><\/p>\n<p class=\"s3\" style=\"text-align: justify;\"><span class=\"s4\">T<\/span><span class=\"s4\">ambi\u00e9n subray\u00f3 que estas luchas no comenzaron hoy y defendi\u00f3 la congruencia hist\u00f3rica del PRD en la agenda de derechos reproductivos:<\/span><\/p>\n<p class=\"s6\" style=\"text-align: justify;\"><span class=\"s5\">\u201cFue el PRD quien abri\u00f3 este camino cuando nadie m\u00e1s se atrev\u00eda, cuando defender los derechos reproductivos costaba se\u00f1alamientos y p\u00e9rdidas electorales. Hoy muchos presumen banderas que jam\u00e1s levantaron. Los derechos de las mujeres no se conquistan con oportunismos, sino con congruencia.\u201d<\/span><\/p>\n<p class=\"s3\" style=\"text-align: justify;\"><span class=\"s4\">Asimismo, insisti\u00f3 en que el debate debe centrarse en la Constituci\u00f3n y en los derechos humanos, no en creencias personales:<\/span><\/p>\n<p class=\"s6\" style=\"text-align: justify;\"><span class=\"s5\">\u201cNo estamos aqu\u00ed para imponer visiones morales ni para juzgar a nadie. Estamos aqu\u00ed para garantizar justicia, libertad y dignidad. La Corte ya habl\u00f3: ninguna mujer debe ser perseguida por decidir sobre su propio cuerpo.\u201d<\/span><\/p>\n<p class=\"s3\" style=\"text-align: justify;\"><span class=\"s4\">La diputada llam\u00f3 a sus compa\u00f1eras y compa\u00f1eros a actuar con responsabilidad hist\u00f3rica, legislar sin prejuicios y cumplir con la obligaci\u00f3n de armonizar la ley estatal.<\/span><\/p>\n<p class=\"s6\" style=\"text-align: justify;\"><span class=\"s5\">\u201cPensemos en las mujeres y ni\u00f1as de Tlaxcala que han enfrentado decisiones dif\u00edciles en silencio. Armonizar la legislaci\u00f3n no es un capricho; es una obligaci\u00f3n constitucional. La historia nos est\u00e1 observando.\u201d<\/span><\/p>\n<p class=\"s3\" style=\"text-align: justify;\"><span class=\"s4\">Finalmente, Laura Flores reafirm\u00f3 su compromiso con los derechos humanos, el Estado de Derecho y la construcci\u00f3n de un marco legal que garantice a las mujeres salud, libertad y una vida digna.<\/span><\/p>\n<p class=\"s6\" style=\"text-align: justify;\"><span class=\"s5\">\u201cHagamos lo que nos toca: legislar con respeto y humanidad. Lo que debe prevalecer siempre es la libertad y la dignidad de cada persona.\u201d<\/span><\/p>\n<p class=\"s6\">\n","protected":false},"excerpt":{"rendered":"<p>La diputada Laura Yamili Flores hizo un llamado firme al Congreso del Estado para asumir su responsabilidad constitucional y armonizar la legislaci\u00f3n local, luego de que la Suprema Corte de Justicia de la Naci\u00f3n (SCJN)determin\u00f3 que penalizar el aborto es inconstitucional y que las mujeres deben poder interrumpir un embarazo sin obst\u00e1culos legales. Durante su [&hellip;]<\/p>\n","protected":false},"author":3,"featured_media":56023,"comment_status":"open","ping_status":"open","sticky":false,"template":"","format":"standard","meta":{"footnotes":""},"categories":[3,224,247,251],"tags":[],"class_list":["post-56022","post","type-post","status-publish","format-standard","has-post-thumbnail","hentry","category-8-columnas","category-congreso-del-estado-de-tlaxcala","category-politica","category-prd"],"amp_enabled":true,"_links":{"self":[{"href":"https:\/\/labestiapolitica.com.mx\/index.php?rest_route=\/wp\/v2\/posts\/56022","targetHints":{"allow":["GET"]}}],"collection":[{"href":"https:\/\/labestiapolitica.com.mx\/index.php?rest_route=\/wp\/v2\/posts"}],"about":[{"href":"https:\/\/labestiapolitica.com.mx\/index.php?rest_route=\/wp\/v2\/types\/post"}],"author":[{"embeddable":true,"href":"https:\/\/labestiapolitica.com.mx\/index.php?rest_route=\/wp\/v2\/users\/3"}],"replies":[{"embeddable":true,"href":"https:\/\/labestiapolitica.com.mx\/index.php?rest_route=%2Fwp%2Fv2%2Fcomments&post=56022"}],"version-history":[{"count":1,"href":"https:\/\/labestiapolitica.com.mx\/index.php?rest_route=\/wp\/v2\/posts\/56022\/revisions"}],"predecessor-version":[{"id":56024,"href":"https:\/\/labestiapolitica.com.mx\/index.php?rest_route=\/wp\/v2\/posts\/56022\/revisions\/56024"}],"wp:featuredmedia":[{"embeddable":true,"href":"https:\/\/labestiapolitica.com.mx\/index.php?rest_route=\/wp\/v2\/media\/56023"}],"wp:attachment":[{"href":"https:\/\/labestiapolitica.com.mx\/index.php?rest_route=%2Fwp%2Fv2%2Fmedia&parent=56022"}],"wp:term":[{"taxonomy":"category","embeddable":true,"href":"https:\/\/labestiapolitica.com.mx\/index.php?rest_route=%2Fwp%2Fv2%2Fcategories&post=56022"},{"taxonomy":"post_tag","embeddable":true,"href":"https:\/\/labestiapolitica.com.mx\/index.php?rest_route=%2Fwp%2Fv2%2Ftags&post=56022"}],"curies":[{"name":"wp","href":"https:\/\/api.w.org\/{rel}","templated":true}]}}