{"id":56025,"date":"2025-12-04T16:25:19","date_gmt":"2025-12-04T22:25:19","guid":{"rendered":"https:\/\/labestiapolitica.com.mx\/?p=56025"},"modified":"2025-12-04T16:25:33","modified_gmt":"2025-12-04T22:25:33","slug":"%f0%9f%93%b0-ningun-escritorio-sustituye-la-voz-del-barrio-vicente-morales-reafirma-su-pacto-con-la-ciudadania","status":"publish","type":"post","link":"https:\/\/labestiapolitica.com.mx\/?p=56025","title":{"rendered":"\ud83d\udcf0 \u201cNing\u00fan escritorio sustituye la voz del barrio\u201d: Vicente Morales reafirma su pacto con la ciudadan\u00eda"},"content":{"rendered":"<p style=\"text-align: justify;\" data-start=\"214\" data-end=\"651\">Para el diputado Vicente Morales P\u00e9rez, ejercer un cargo p\u00fablico no se reduce a legislar dentro del Congreso, sino a mantener un contacto directo y constante con las comunidades que representa. Bajo la premisa de que <em data-start=\"482\" data-end=\"544\">\u201cel poder solo sirve cuando se pone al servicio de la gente\u201d<\/em>, el legislador present\u00f3 un informe que destac\u00f3 tanto su trabajo legislativo como su presencia territorial.<\/p>\n<p style=\"text-align: justify;\" data-start=\"653\" data-end=\"957\">Morales particip\u00f3 en m\u00e1s de 160 sesiones del Congreso y respald\u00f3 reformas estrat\u00e9gicas impulsadas por la presidenta Claudia Sheinbaum y la gobernadora Lorena Cu\u00e9llar. Sin embargo, subray\u00f3 que su prioridad ha sido mantenerse cercano a la poblaci\u00f3n y responder a las necesidades del territorio.<\/p>\n<p style=\"text-align: justify;\" data-start=\"959\" data-end=\"1290\">A trav\u00e9s de la iniciativa Gira Siempre Cercano, el diputado llev\u00f3 servicios, actividades culturales y atenci\u00f3n personalizada a diversas comunidades. Su agenda incluy\u00f3 la defensa del ma\u00edz criollo, la entrega de apoyos y la reforestaci\u00f3n de 5,000 \u00e1rboles, acciones que \u2014dijo\u2014 atienden tanto lo urgente como lo importante.<\/p>\n<h3 style=\"text-align: justify;\" data-start=\"1292\" data-end=\"1321\">Resultados en territorio:<\/h3>\n<ul style=\"text-align: justify;\" data-start=\"1323\" data-end=\"1593\">\n<li data-start=\"1323\" data-end=\"1404\">\n<p data-start=\"1325\" data-end=\"1404\">Apertura de dos Casas de Atenci\u00f3n Ciudadana en Ixtacuixtla y Hueyotlipan.<\/p>\n<\/li>\n<li data-start=\"1405\" data-end=\"1486\">\n<p data-start=\"1407\" data-end=\"1486\">25,000 puertas tocadas para escuchar directamente a las y los habitantes.<\/p>\n<\/li>\n<li data-start=\"1487\" data-end=\"1593\">\n<p data-start=\"1489\" data-end=\"1593\">Gesti\u00f3n coordinada con el Ejecutivo estatal para impulsar obras p\u00fablicas en beneficio de los municipios.<\/p>\n<\/li>\n<\/ul>\n<p style=\"text-align: justify;\" data-start=\"1595\" data-end=\"1752\">En su mensaje final, Morales lanz\u00f3 una reflexi\u00f3n sobre la pol\u00edtica contempor\u00e1nea:<br data-start=\"1676\" data-end=\"1679\" \/>\u201cUn diputado que no camina su territorio es una sombra sin pueblo.\u201d<\/p>\n<p style=\"text-align: justify;\" data-start=\"1754\" data-end=\"1882\">Con ello reafirm\u00f3 que su proyecto legislativo seguir\u00e1 priorizando la cercan\u00eda, la escucha y el acompa\u00f1amiento a las comunidades.<\/p>\n<p data-start=\"1754\" data-end=\"1882\"><img loading=\"lazy\" decoding=\"async\" class=\"alignnone size-full wp-image-56027\" src=\"https:\/\/labestiapolitica.com.mx\/wp-content\/uploads\/2025\/12\/WhatsApp-Image-2025-12-04-at-3.49.36-PM-2.jpeg\" alt=\"\" width=\"1600\" height=\"1070\" srcset=\"https:\/\/labestiapolitica.com.mx\/wp-content\/uploads\/2025\/12\/WhatsApp-Image-2025-12-04-at-3.49.36-PM-2.jpeg 1600w, https:\/\/labestiapolitica.com.mx\/wp-content\/uploads\/2025\/12\/WhatsApp-Image-2025-12-04-at-3.49.36-PM-2-300x201.jpeg 300w, https:\/\/labestiapolitica.com.mx\/wp-content\/uploads\/2025\/12\/WhatsApp-Image-2025-12-04-at-3.49.36-PM-2-1024x685.jpeg 1024w, https:\/\/labestiapolitica.com.mx\/wp-content\/uploads\/2025\/12\/WhatsApp-Image-2025-12-04-at-3.49.36-PM-2-768x514.jpeg 768w, https:\/\/labestiapolitica.com.mx\/wp-content\/uploads\/2025\/12\/WhatsApp-Image-2025-12-04-at-3.49.36-PM-2-1536x1027.jpeg 1536w\" sizes=\"auto, (max-width: 1600px) 100vw, 1600px\" \/> <img loading=\"lazy\" decoding=\"async\" class=\"alignnone size-full wp-image-56028\" src=\"https:\/\/labestiapolitica.com.mx\/wp-content\/uploads\/2025\/12\/WhatsApp-Image-2025-12-04-at-3.49.36-PM.jpeg\" alt=\"\" width=\"1324\" height=\"1070\" srcset=\"https:\/\/labestiapolitica.com.mx\/wp-content\/uploads\/2025\/12\/WhatsApp-Image-2025-12-04-at-3.49.36-PM.jpeg 1324w, https:\/\/labestiapolitica.com.mx\/wp-content\/uploads\/2025\/12\/WhatsApp-Image-2025-12-04-at-3.49.36-PM-300x242.jpeg 300w, https:\/\/labestiapolitica.com.mx\/wp-content\/uploads\/2025\/12\/WhatsApp-Image-2025-12-04-at-3.49.36-PM-1024x828.jpeg 1024w, https:\/\/labestiapolitica.com.mx\/wp-content\/uploads\/2025\/12\/WhatsApp-Image-2025-12-04-at-3.49.36-PM-768x621.jpeg 768w\" sizes=\"auto, (max-width: 1324px) 100vw, 1324px\" \/><\/p>\n<p data-start=\"1754\" data-end=\"1882\"><img loading=\"lazy\" decoding=\"async\" class=\"alignnone size-full wp-image-55876\" src=\"https:\/\/labestiapolitica.com.mx\/wp-content\/uploads\/2025\/12\/WhatsApp-Image-2025-09-09-at-1.53.55-PM-2.jpeg\" alt=\"\" width=\"940\" height=\"788\" srcset=\"https:\/\/labestiapolitica.com.mx\/wp-content\/uploads\/2025\/12\/WhatsApp-Image-2025-09-09-at-1.53.55-PM-2.jpeg 940w, https:\/\/labestiapolitica.com.mx\/wp-content\/uploads\/2025\/12\/WhatsApp-Image-2025-09-09-at-1.53.55-PM-2-300x251.jpeg 300w, https:\/\/labestiapolitica.com.mx\/wp-content\/uploads\/2025\/12\/WhatsApp-Image-2025-09-09-at-1.53.55-PM-2-768x644.jpeg 768w\" sizes=\"auto, (max-width: 940px) 100vw, 940px\" \/><\/p>\n","protected":false},"excerpt":{"rendered":"<p>Para el diputado Vicente Morales P\u00e9rez, ejercer un cargo p\u00fablico no se reduce a legislar dentro del Congreso, sino a mantener un contacto directo y constante con las comunidades que representa. Bajo la premisa de que \u201cel poder solo sirve cuando se pone al servicio de la gente\u201d, el legislador present\u00f3 un informe que destac\u00f3 [&hellip;]<\/p>\n","protected":false},"author":3,"featured_media":56026,"comment_status":"open","ping_status":"open","sticky":false,"template":"","format":"standard","meta":{"footnotes":""},"categories":[224],"tags":[],"class_list":["post-56025","post","type-post","status-publish","format-standard","has-post-thumbnail","hentry","category-congreso-del-estado-de-tlaxcala"],"amp_enabled":true,"_links":{"self":[{"href":"https:\/\/labestiapolitica.com.mx\/index.php?rest_route=\/wp\/v2\/posts\/56025","targetHints":{"allow":["GET"]}}],"collection":[{"href":"https:\/\/labestiapolitica.com.mx\/index.php?rest_route=\/wp\/v2\/posts"}],"about":[{"href":"https:\/\/labestiapolitica.com.mx\/index.php?rest_route=\/wp\/v2\/types\/post"}],"author":[{"embeddable":true,"href":"https:\/\/labestiapolitica.com.mx\/index.php?rest_route=\/wp\/v2\/users\/3"}],"replies":[{"embeddable":true,"href":"https:\/\/labestiapolitica.com.mx\/index.php?rest_route=%2Fwp%2Fv2%2Fcomments&post=56025"}],"version-history":[{"count":2,"href":"https:\/\/labestiapolitica.com.mx\/index.php?rest_route=\/wp\/v2\/posts\/56025\/revisions"}],"predecessor-version":[{"id":56030,"href":"https:\/\/labestiapolitica.com.mx\/index.php?rest_route=\/wp\/v2\/posts\/56025\/revisions\/56030"}],"wp:featuredmedia":[{"embeddable":true,"href":"https:\/\/labestiapolitica.com.mx\/index.php?rest_route=\/wp\/v2\/media\/56026"}],"wp:attachment":[{"href":"https:\/\/labestiapolitica.com.mx\/index.php?rest_route=%2Fwp%2Fv2%2Fmedia&parent=56025"}],"wp:term":[{"taxonomy":"category","embeddable":true,"href":"https:\/\/labestiapolitica.com.mx\/index.php?rest_route=%2Fwp%2Fv2%2Fcategories&post=56025"},{"taxonomy":"post_tag","embeddable":true,"href":"https:\/\/labestiapolitica.com.mx\/index.php?rest_route=%2Fwp%2Fv2%2Ftags&post=56025"}],"curies":[{"name":"wp","href":"https:\/\/api.w.org\/{rel}","templated":true}]}}