{"id":56031,"date":"2025-12-04T16:28:47","date_gmt":"2025-12-04T22:28:47","guid":{"rendered":"https:\/\/labestiapolitica.com.mx\/?p=56031"},"modified":"2025-12-04T16:32:30","modified_gmt":"2025-12-04T22:32:30","slug":"compromiso-cerrar-la-brecha-entre-dato-y-percepcion-lorena-cuellar","status":"publish","type":"post","link":"https:\/\/labestiapolitica.com.mx\/?p=56031","title":{"rendered":"Compromiso \u201ccerrar la brecha entre dato y percepci\u00f3n\u201d: Lorena Cu\u00e9llar"},"content":{"rendered":"<p class=\"p1\" style=\"text-align: justify;\"><span style=\"text-align: justify;\">Mariana LOVERA\/\/ En la presentaci\u00f3n del Informe Anual de Incidencia Delictiva 2025, la Gobernadora Lorena Cu\u00e9llar Cisneros afirm\u00f3 que los datos del Secretariado Ejecutivo del Sistema Nacional de Seguridad P\u00fablica confirman a Tlaxcala como la entidad con menos delitos por cada cien mil habitantes en todo M\u00e9xico, un logro sostenido durante 38 meses consecutivos.<\/span><\/p>\n<p class=\"p1\" style=\"text-align: justify;\"><span class=\"s1\">\u201cLa ruta que emprendimos hace cuatro a\u00f1os est\u00e1 dando resultados s\u00f3lidos, medibles y sostenidos\u201d, declar\u00f3 la mandataria estatal, quien enfatiz\u00f3 que esta disminuci\u00f3n solo es posible \u201ccuando el Estado est\u00e1 presente, cuando hay control del territorio, estrategia, coordinaci\u00f3n, patrullajes, inteligencia y capacidad operativa\u201d.<\/span><\/p>\n<p class=\"p1\" style=\"text-align: justify;\"><span class=\"s1\">Cu\u00e9llar Cisneros detall\u00f3 que durante el \u00faltimo a\u00f1o todos los delitos de alto impacto registraron una baja, incluyendo homicidio, robo de veh\u00edculo, robo de motocicleta, robo a casa habitaci\u00f3n y robo a negocio. Subray\u00f3 que esta tendencia es \u201cla evidencia m\u00e1s s\u00f3lida de que Tlaxcala va por el rumbo correcto\u201d.<\/span><\/p>\n<p class=\"p1\" style=\"text-align: justify;\"><span class=\"s1\">La Gobernadora resalt\u00f3 la inversi\u00f3n sin precedentes de 8,000 millones de pesos en seguridad, la mayor a nivel nacional en proporci\u00f3n a los recursos estatales. Estos fondos se han destinado a:<\/span><\/p>\n<p class=\"p1\" style=\"text-align: justify;\"><span class=\"s1\">\u00b7 La consolidaci\u00f3n del Centro de Control, Comando, Comunicaciones, C\u00f3mputo y Calidad (C-5) con inteligencia y videovigilancia en tiempo real.<\/span><\/p>\n<p class=\"p1\" style=\"text-align: justify;\"><span class=\"s1\">\u00b7 La conexi\u00f3n de 48 Centros de Mando (C-2) municipales, con el compromiso de equipar los 60 municipios antes de que concluya su administraci\u00f3n.<\/span><\/p>\n<p class=\"p1\" style=\"text-align: justify;\"><span class=\"s1\">\u00b7 La modernizaci\u00f3n de patrullas, equipo t\u00e1ctico y sistemas de radiocomunicaci\u00f3n.<\/span><\/p>\n<p class=\"p1\" style=\"text-align: justify;\"><span class=\"s1\">\u00b7 La dignificaci\u00f3n de la fuerza policial mediante mejor salario, capacitaci\u00f3n y equipamiento.<\/span><\/p>\n<p class=\"p1\" style=\"text-align: justify;\"><span class=\"s1\">M\u00e1s all\u00e1 de lo operativo, Cu\u00e9llar Cisneros recalc\u00f3 que la seguridad se construye con prevenci\u00f3n. En ese sentido, destac\u00f3 logros de su estrategia social:<\/span><\/p>\n<p class=\"p1\" style=\"text-align: justify;\"><span class=\"s1\">\u00b7 62,000 ni\u00f1as, ni\u00f1os y j\u00f3venes en programas de prevenci\u00f3n del delito.<\/span><\/p>\n<p class=\"p1\" style=\"text-align: justify;\"><span class=\"s1\">\u00b7 94,000 mujeres atendidas con talleres, capacitaci\u00f3n, acompa\u00f1amiento y espacios seguros.<\/span><\/p>\n<p class=\"p1\" style=\"text-align: justify;\"><span class=\"s1\">\u00b7 Acciones fundamentales de la Polic\u00eda de G\u00e9nero con acompa\u00f1amientos y medidas de protecci\u00f3n.<\/span><\/p>\n<p class=\"p1\" style=\"text-align: justify;\"><span class=\"s1\">\u00b7 Miles de sesiones psicoeducativas y jornadas comunitarias en zonas vulnerables.<\/span><\/p>\n<p class=\"p1\" style=\"text-align: justify;\"><span class=\"s1\">Reconociendo el desaf\u00edo de que la ciudadan\u00eda sienta la seguridad que reflejan las estad\u00edsticas, la Gobernadora anunci\u00f3 que 2026 se reforzar\u00e1n los patrullajes nocturnos, la iluminaci\u00f3n, los operativos territoriales y la modernizaci\u00f3n tecnol\u00f3gica.<\/span><\/p>\n<p class=\"p1\" style=\"text-align: justify;\"><span class=\"s1\">\u201cNo vamos a descansar hasta que la seguridad que muestran los datos se sienta en la calle, en cada colonia y en cada hogar\u201d, asever\u00f3.<\/span><\/p>\n<p class=\"p1\" style=\"text-align: justify;\"><span class=\"s1\">En su discurso, agradeci\u00f3 el trabajo de las instituciones policiales, federales, municipales, sectores sociales, empresariales, medios de comunicaci\u00f3n y a la ciudadan\u00eda en general.<\/span><\/p>\n<p class=\"p1\" style=\"text-align: justify;\"><span class=\"s1\">Concluy\u00f3 con un mensaje: \u201cMi compromiso es firme. Tlaxcala seguir\u00e1 siendo un estado seguro. No retrocederemos. No cederemos terreno\u2026 porque en Tlaxcala la paz es nuestra manera de vivir. Sigamos trabajando todos para conservar el patrimonio de nuestros hijos, de nuestros nietos. El patrimonio que tiene Tlaxcala, es que hoy es un estado con paz\u201d.<\/span><\/p>\n","protected":false},"excerpt":{"rendered":"<p>Mariana LOVERA\/\/ En la presentaci\u00f3n del Informe Anual de Incidencia Delictiva 2025, la Gobernadora Lorena Cu\u00e9llar Cisneros afirm\u00f3 que los datos del Secretariado Ejecutivo del Sistema Nacional de Seguridad P\u00fablica confirman a Tlaxcala como la entidad con menos delitos por cada cien mil habitantes en todo M\u00e9xico, un logro sostenido durante 38 meses consecutivos. \u201cLa [&hellip;]<\/p>\n","protected":false},"author":6,"featured_media":56032,"comment_status":"open","ping_status":"open","sticky":false,"template":"","format":"standard","meta":{"footnotes":""},"categories":[3,7],"tags":[],"class_list":["post-56031","post","type-post","status-publish","format-standard","has-post-thumbnail","hentry","category-8-columnas","category-ciudadanos"],"amp_enabled":true,"_links":{"self":[{"href":"https:\/\/labestiapolitica.com.mx\/index.php?rest_route=\/wp\/v2\/posts\/56031","targetHints":{"allow":["GET"]}}],"collection":[{"href":"https:\/\/labestiapolitica.com.mx\/index.php?rest_route=\/wp\/v2\/posts"}],"about":[{"href":"https:\/\/labestiapolitica.com.mx\/index.php?rest_route=\/wp\/v2\/types\/post"}],"author":[{"embeddable":true,"href":"https:\/\/labestiapolitica.com.mx\/index.php?rest_route=\/wp\/v2\/users\/6"}],"replies":[{"embeddable":true,"href":"https:\/\/labestiapolitica.com.mx\/index.php?rest_route=%2Fwp%2Fv2%2Fcomments&post=56031"}],"version-history":[{"count":1,"href":"https:\/\/labestiapolitica.com.mx\/index.php?rest_route=\/wp\/v2\/posts\/56031\/revisions"}],"predecessor-version":[{"id":56033,"href":"https:\/\/labestiapolitica.com.mx\/index.php?rest_route=\/wp\/v2\/posts\/56031\/revisions\/56033"}],"wp:featuredmedia":[{"embeddable":true,"href":"https:\/\/labestiapolitica.com.mx\/index.php?rest_route=\/wp\/v2\/media\/56032"}],"wp:attachment":[{"href":"https:\/\/labestiapolitica.com.mx\/index.php?rest_route=%2Fwp%2Fv2%2Fmedia&parent=56031"}],"wp:term":[{"taxonomy":"category","embeddable":true,"href":"https:\/\/labestiapolitica.com.mx\/index.php?rest_route=%2Fwp%2Fv2%2Fcategories&post=56031"},{"taxonomy":"post_tag","embeddable":true,"href":"https:\/\/labestiapolitica.com.mx\/index.php?rest_route=%2Fwp%2Fv2%2Ftags&post=56031"}],"curies":[{"name":"wp","href":"https:\/\/api.w.org\/{rel}","templated":true}]}}