{"id":56041,"date":"2025-12-05T06:30:58","date_gmt":"2025-12-05T12:30:58","guid":{"rendered":"https:\/\/labestiapolitica.com.mx\/?p=56041"},"modified":"2025-12-05T12:38:06","modified_gmt":"2025-12-05T18:38:06","slug":"tlaxcala-la-brecha-entre-los-numeros-y-la-realidad-sentida","status":"publish","type":"post","link":"https:\/\/labestiapolitica.com.mx\/?p=56041","title":{"rendered":"Tlaxcala: La Brecha Entre los N\u00fameros y la Realidad Sentida"},"content":{"rendered":"<p style=\"text-align: justify;\">Mariana LOVERA \/\/ Durante 38 meses consecutivos, Tlaxcala ha ostentado, seg\u00fan las cifras oficiales del Secretariado Ejecutivo del Sistema Nacional de Seguridad P\u00fablica, el t\u00edtulo de la entidad con el menor \u00edndice delictivo del pa\u00eds. Es un dato duro, repetido con orgullo por la administraci\u00f3n estatal, y respaldado por una inversi\u00f3n millonaria sin precedentes en equipamiento, tecnolog\u00eda y dignificaci\u00f3n policial. Los delitos de alto impacto, aseguran, han registrado bajas sostenidas. En el papel, Tlaxcala es un oasis de paz en un pa\u00eds asediado por la violencia.<\/p>\n<p style=\"text-align: justify;\">Sin embargo, basta darle una repasada a las redes sociales, conversar con la familia , amigos o colegas en la calle, leer los titulares locales tras un fin de semana para encontrarse con una realidad paralela y angustiante. La ciudadan\u00eda no siente ese oasis. La percepci\u00f3n general es de vulnerabilidad, de inquietud, de preocupaci\u00f3n. Hechos recientes y brutales, como el hallazgo de cuerpos en la frontera con Puebla o el asesinato de una pareja en una pasteler\u00eda de Zacatelco, act\u00faan como\u00a0 recordatorios de que la violencia, aunque pueda estar contenida estad\u00edsticamente, sigue presente, es cercana y es sangrienta. Vamos a decirlo as\u00ed, sin maquillaje y sin retoques.<\/p>\n<p style=\"text-align: justify;\">Aqu\u00ed reside el gran desaf\u00edo que, con acierto, debo reconocer, han identificado tanto la gobernadora, Lorena Cu\u00e9llar, como el secretario de Gobierno, Luis Antonio Ram\u00edrez: la enorme y evidente brecha entre el dato y la percepci\u00f3n. Esta desconexi\u00f3n no es un problema menor de comunicaci\u00f3n; es una crisis de confianza.<\/p>\n<p style=\"text-align: justify;\">La administraci\u00f3n estatal argumenta que su estrategia es integral. No solo se trata de patrullas y c\u00e1maras (el impresionante C-5 y la red de C-2 municipales), sino de una ambiciosa pol\u00edtica de prevenci\u00f3n social que atiende a decenas de miles de ni\u00f1os, j\u00f3venes y mujeres. El compromiso declarado de \u00abno descansar hasta que la seguridad que muestran los datos se sienta en la calle\u00bb es el correcto.<\/p>\n<p style=\"text-align: justify;\">Sin embargo, el reto es monumental, enorme y sobre todo comprometedor. La percepci\u00f3n de inseguridad no se modifica solo con folletos o promocionales. Se modifica cuando las calles oscuras se iluminan, cuando los patrullajes nocturnos son constantes y visibles, cuando la respuesta ante un delito es r\u00e1pida, eficaz y transparente, y cuando la justicia se ve hacerse. Se modifica cuando eventos como los de Zacatelco o la zona lim\u00edtrofe con Puebla se resuelven con celeridad y se comunica con claridad a la poblaci\u00f3n, sin opacidad.<\/p>\n<p style=\"text-align: justify;\">Tlaxcala tiene una oportunidad hist\u00f3rica. Puede ser el laboratorio nacional que demuestre que es posible no solo bajar n\u00fameros, sino generar una paz verdadera y sentida. Los cimientos, seg\u00fan las cifras y la inversi\u00f3n, est\u00e1n puestos.<\/p>\n<p style=\"text-align: justify;\">Ahora le toca la parte m\u00e1s dif\u00edcil: convencer al coraz\u00f3n y a los instintos de los tlaxcaltecas de que lo que dice el informe es real. Eso requiere humildad para escuchar el miedo ciudadano, aunque contradiga la estad\u00edstica; valent\u00eda para atacar las causas locales de violencia, para que la \u00abpaz como manera de vivir\u00bb no sea un bonito eslogan, sino una experiencia diaria en cada colonia, cada mercado y cada hogar.<\/p>\n","protected":false},"excerpt":{"rendered":"<p>Mariana LOVERA \/\/ Durante 38 meses consecutivos, Tlaxcala ha ostentado, seg\u00fan las cifras oficiales del Secretariado Ejecutivo del Sistema Nacional de Seguridad P\u00fablica, el t\u00edtulo de la entidad con el menor \u00edndice delictivo del pa\u00eds. Es un dato duro, repetido con orgullo por la administraci\u00f3n estatal, y respaldado por una inversi\u00f3n millonaria sin precedentes en [&hellip;]<\/p>\n","protected":false},"author":6,"featured_media":56042,"comment_status":"open","ping_status":"open","sticky":false,"template":"","format":"standard","meta":{"footnotes":""},"categories":[3,6],"tags":[],"class_list":["post-56041","post","type-post","status-publish","format-standard","has-post-thumbnail","hentry","category-8-columnas","category-opinion"],"amp_enabled":true,"_links":{"self":[{"href":"https:\/\/labestiapolitica.com.mx\/index.php?rest_route=\/wp\/v2\/posts\/56041","targetHints":{"allow":["GET"]}}],"collection":[{"href":"https:\/\/labestiapolitica.com.mx\/index.php?rest_route=\/wp\/v2\/posts"}],"about":[{"href":"https:\/\/labestiapolitica.com.mx\/index.php?rest_route=\/wp\/v2\/types\/post"}],"author":[{"embeddable":true,"href":"https:\/\/labestiapolitica.com.mx\/index.php?rest_route=\/wp\/v2\/users\/6"}],"replies":[{"embeddable":true,"href":"https:\/\/labestiapolitica.com.mx\/index.php?rest_route=%2Fwp%2Fv2%2Fcomments&post=56041"}],"version-history":[{"count":5,"href":"https:\/\/labestiapolitica.com.mx\/index.php?rest_route=\/wp\/v2\/posts\/56041\/revisions"}],"predecessor-version":[{"id":56130,"href":"https:\/\/labestiapolitica.com.mx\/index.php?rest_route=\/wp\/v2\/posts\/56041\/revisions\/56130"}],"wp:featuredmedia":[{"embeddable":true,"href":"https:\/\/labestiapolitica.com.mx\/index.php?rest_route=\/wp\/v2\/media\/56042"}],"wp:attachment":[{"href":"https:\/\/labestiapolitica.com.mx\/index.php?rest_route=%2Fwp%2Fv2%2Fmedia&parent=56041"}],"wp:term":[{"taxonomy":"category","embeddable":true,"href":"https:\/\/labestiapolitica.com.mx\/index.php?rest_route=%2Fwp%2Fv2%2Fcategories&post=56041"},{"taxonomy":"post_tag","embeddable":true,"href":"https:\/\/labestiapolitica.com.mx\/index.php?rest_route=%2Fwp%2Fv2%2Ftags&post=56041"}],"curies":[{"name":"wp","href":"https:\/\/api.w.org\/{rel}","templated":true}]}}