{"id":56050,"date":"2025-12-04T19:53:15","date_gmt":"2025-12-05T01:53:15","guid":{"rendered":"https:\/\/labestiapolitica.com.mx\/?p=56050"},"modified":"2025-12-04T19:53:15","modified_gmt":"2025-12-05T01:53:15","slug":"cuando-la-ciudadania-y-el-gobierno-caminan-del-mismo-lado-ninguna-meta-es-inalcanzable-alfonso-sanchez-garcia","status":"publish","type":"post","link":"https:\/\/labestiapolitica.com.mx\/?p=56050","title":{"rendered":"\u201cCuando la ciudadan\u00eda y el gobierno caminan del mismo lado, ninguna meta es inalcanzable\u201d: Alfonso S\u00e1nchez Garc\u00eda."},"content":{"rendered":"<article class=\"text-token-text-primary w-full focus:outline-none [--shadow-height:45px] has-data-writing-block:pointer-events-none has-data-writing-block:-mt-(--shadow-height) has-data-writing-block:pt-(--shadow-height) [&amp;:has([data-writing-block])&gt;*]:pointer-events-auto scroll-mt-[calc(var(--header-height)+min(200px,max(70px,20svh)))]\" dir=\"auto\" tabindex=\"-1\" data-turn-id=\"8aef15e3-06f8-43c7-a1eb-928abd5d239b\" data-testid=\"conversation-turn-168\" data-scroll-anchor=\"true\" data-turn=\"assistant\">\n<div class=\"text-base my-auto mx-auto pb-10 [--thread-content-margin:--spacing(4)] thread-sm:[--thread-content-margin:--spacing(6)] thread-lg:[--thread-content-margin:--spacing(16)] px-(--thread-content-margin)\">\n<div class=\"[--thread-content-max-width:40rem] thread-lg:[--thread-content-max-width:48rem] mx-auto max-w-(--thread-content-max-width) flex-1 group\/turn-messages focus-visible:outline-hidden relative flex w-full min-w-0 flex-col agent-turn\" tabindex=\"-1\">\n<div class=\"flex max-w-full flex-col grow\">\n<div class=\"min-h-8 text-message relative flex w-full flex-col items-end gap-2 text-start break-words whitespace-normal [.text-message+&amp;]:mt-1\" dir=\"auto\" data-message-author-role=\"assistant\" data-message-id=\"928e4ab4-0369-4163-b1c0-19de582ade96\" data-message-model-slug=\"gpt-5-1\">\n<div class=\"flex w-full flex-col gap-1 empty:hidden first:pt-[1px]\">\n<div class=\"markdown prose dark:prose-invert w-full break-words dark markdown-new-styling\">\n<p style=\"text-align: justify;\" data-start=\"0\" data-end=\"113\" data-is-last-node=\"\" data-is-only-node=\"\">Al participar en el Informe Anual de Incidencia Delictiva 2025, el alcalde de Tlaxcala, Alfonso S\u00e1nchez Garc\u00eda, destac\u00f3 que la seguridad p\u00fablica se fortalece con el esfuerzo colectivo y la coordinaci\u00f3n institucional y participaci\u00f3n ciudadana.<\/p>\n<\/div>\n<\/div>\n<\/div>\n<\/div>\n<\/div>\n<\/div>\n<\/article>\n<p style=\"text-align: justify;\">Al dar un mensaje al inicio de este evento, el edil capitalino subray\u00f3 que \u201ccuando la ciudadan\u00eda y el gobierno caminan del mismo lado, ninguna meta es inalcanzable\u201d.<\/p>\n<p style=\"text-align: justify;\">Luego, el edil capitalino reconoci\u00f3 la labor de la Gobernadora Lorena Cu\u00e9llar Cisneros por encabezar una estrategia integral y de largo alcance que articula a dependencias estatales, municipales y a las fuerzas federales.<\/p>\n<p style=\"text-align: justify;\">De esta forma, el presidente de la capital reafirm\u00f3 que el Ayuntamiento de Tlaxcala participa de manera permanente en las mesas de coordinaci\u00f3n para la construcci\u00f3n de paz, impulsa la proximidad social y desarrolla acciones preventivas que buscan mejorar la tranquilidad de las familias.<\/p>\n<p style=\"text-align: justify;\">Durante este informe, la gobernadora Lorena Cu\u00e9llar Cisneros hizo un reconocimiento al trabajo conjunto de las instancias estatales y federales que han llevado a Tlaxcala a ser el estado m\u00e1s seguro del pa\u00eds.<\/p>\n<p style=\"text-align: justify;\">En esta ocasi\u00f3n, los titulares de las \u00e1reas estatales y federales en materia de seguridad rindieron un informe detallado de sus logros en cada rubro.<\/p>\n<p style=\"text-align: justify;\">Durante este evento destac\u00f3 la presencia de Luis Antonio Ram\u00edrez Hern\u00e1ndez, secretario de Gobierno; Ernestina Carro Rold\u00e1n, Fiscal General de Justicia en el Estado; Mar\u00eda Esther Nolasco N\u00fa\u00f1ez, delegada de la Fiscal\u00eda General de la Rep\u00fablica en Tlaxcala; Fernando Nicol\u00e1s Cuapio Cuapio, secretario t\u00e9cnico del Estado de Tlaxcala, y de Alberto Mart\u00edn Perea Marrufo, secretario de Seguridad Ciudadana en el Estado, as\u00ed como legisladores locales e integrantes del Poder Judicial, adem\u00e1s de p\u00fablico en general.<\/p>\n","protected":false},"excerpt":{"rendered":"<p>Al participar en el Informe Anual de Incidencia Delictiva 2025, el alcalde de Tlaxcala, Alfonso S\u00e1nchez Garc\u00eda, destac\u00f3 que la seguridad p\u00fablica se fortalece con el esfuerzo colectivo y la coordinaci\u00f3n institucional y participaci\u00f3n ciudadana. Al dar un mensaje al inicio de este evento, el edil capitalino subray\u00f3 que \u201ccuando la ciudadan\u00eda y el gobierno [&hellip;]<\/p>\n","protected":false},"author":3,"featured_media":56051,"comment_status":"open","ping_status":"open","sticky":false,"template":"","format":"standard","meta":{"footnotes":""},"categories":[7,216,214],"tags":[],"class_list":["post-56050","post","type-post","status-publish","format-standard","has-post-thumbnail","hentry","category-ciudadanos","category-municipios","category-tlaxcala-capital"],"amp_enabled":true,"_links":{"self":[{"href":"https:\/\/labestiapolitica.com.mx\/index.php?rest_route=\/wp\/v2\/posts\/56050","targetHints":{"allow":["GET"]}}],"collection":[{"href":"https:\/\/labestiapolitica.com.mx\/index.php?rest_route=\/wp\/v2\/posts"}],"about":[{"href":"https:\/\/labestiapolitica.com.mx\/index.php?rest_route=\/wp\/v2\/types\/post"}],"author":[{"embeddable":true,"href":"https:\/\/labestiapolitica.com.mx\/index.php?rest_route=\/wp\/v2\/users\/3"}],"replies":[{"embeddable":true,"href":"https:\/\/labestiapolitica.com.mx\/index.php?rest_route=%2Fwp%2Fv2%2Fcomments&post=56050"}],"version-history":[{"count":1,"href":"https:\/\/labestiapolitica.com.mx\/index.php?rest_route=\/wp\/v2\/posts\/56050\/revisions"}],"predecessor-version":[{"id":56052,"href":"https:\/\/labestiapolitica.com.mx\/index.php?rest_route=\/wp\/v2\/posts\/56050\/revisions\/56052"}],"wp:featuredmedia":[{"embeddable":true,"href":"https:\/\/labestiapolitica.com.mx\/index.php?rest_route=\/wp\/v2\/media\/56051"}],"wp:attachment":[{"href":"https:\/\/labestiapolitica.com.mx\/index.php?rest_route=%2Fwp%2Fv2%2Fmedia&parent=56050"}],"wp:term":[{"taxonomy":"category","embeddable":true,"href":"https:\/\/labestiapolitica.com.mx\/index.php?rest_route=%2Fwp%2Fv2%2Fcategories&post=56050"},{"taxonomy":"post_tag","embeddable":true,"href":"https:\/\/labestiapolitica.com.mx\/index.php?rest_route=%2Fwp%2Fv2%2Ftags&post=56050"}],"curies":[{"name":"wp","href":"https:\/\/api.w.org\/{rel}","templated":true}]}}