{"id":56075,"date":"2025-12-04T20:09:20","date_gmt":"2025-12-05T02:09:20","guid":{"rendered":"https:\/\/labestiapolitica.com.mx\/?p=56075"},"modified":"2025-12-04T20:09:20","modified_gmt":"2025-12-05T02:09:20","slug":"impulsa-sandra-aguilar-atencion-integral-en-salud-mental-para-adultos-mayores-y-trabajadores","status":"publish","type":"post","link":"https:\/\/labestiapolitica.com.mx\/?p=56075","title":{"rendered":"Impulsa Sandra Aguilar atenci\u00f3n integral en salud mental para adultos mayores y trabajadores."},"content":{"rendered":"<p style=\"font-weight: 400; text-align: justify;\">La diputada Sandra Guadalupe Aguilar Vega, present\u00f3 la Iniciativa para reformar la Ley de Salud del Estado y la Ley de Salud Mental y del Comportamiento Adictivo, con el prop\u00f3sito de fortalecer la atenci\u00f3n, prevenci\u00f3n y diagn\u00f3stico oportuno de trastornos mentales en personas adultas mayores y trabajadores. La legisladora destac\u00f3 la urgencia de responder a los desaf\u00edos que representa el envejecimiento poblacional y el aumento de afecciones psicol\u00f3gicas que afectan la calidad de vida.<\/p>\n<p style=\"font-weight: 400; text-align: justify;\">En su exposici\u00f3n de motivos, la diputada Aguilar Vega se\u00f1al\u00f3 que de acuerdo al Censo de Poblaci\u00f3n y Vivienda 2020 del Instituto Nacional de Estad\u00edstica y Geograf\u00eda (INEGI), en Tlaxcala m\u00e1s del 10.86% de la poblaci\u00f3n est\u00e1 conformada por personas adultas mayores, un sector que enfrenta condiciones como deterioro cognitivo, depresi\u00f3n, ansiedad y fatiga cr\u00f3nica, muchas veces invisibilizadas o atendidas de manera insuficiente. Asimismo, subray\u00f3 que factores como el aislamiento, el estr\u00e9s laboral y los cambios emocionales asociados al envejecimiento requieren pol\u00edticas p\u00fablicas m\u00e1s amplias y espec\u00edficas para garantizar la dignidad y el bienestar de quienes las padecen.<\/p>\n<p style=\"font-weight: 400; text-align: justify;\">La propuesta plantea acciones como priorizar actividades socioculturales para la prevenci\u00f3n de trastornos mentales, garantizar terapias y rehabilitaci\u00f3n con enfoque individualizado, implementar campa\u00f1as permanentes de sensibilizaci\u00f3n y detecci\u00f3n temprana, as\u00ed como establecer un programa anual de salud mental en centros de trabajo, que incluir\u00e1 orientaci\u00f3n, referencia para atenci\u00f3n especializada y la participaci\u00f3n de profesionales certificados. Adem\u00e1s, se refuerza la protecci\u00f3n de datos personales al considerar la informaci\u00f3n relacionada con la salud mental como dato sensible.<\/p>\n<p style=\"font-weight: 400; text-align: justify;\">Finalmente, la legisladora reiter\u00f3 que esta reforma busca asegurar que las instituciones de salud cuenten con herramientas legales para atender con mayor eficacia a sectores vulnerables, promoviendo su autonom\u00eda, dignidad e integraci\u00f3n comunitaria. Para su estudio, an\u00e1lisis y dictamen correspondiente, la iniciativa fue turnada a las Comisiones Unidas de Asuntos Municipales y a la de Puntos Constitucionales, Gobernaci\u00f3n y Justicia y Asuntos Pol\u00edticos.<\/p>\n","protected":false},"excerpt":{"rendered":"<p>La diputada Sandra Guadalupe Aguilar Vega, present\u00f3 la Iniciativa para reformar la Ley de Salud del Estado y la Ley de Salud Mental y del Comportamiento Adictivo, con el prop\u00f3sito de fortalecer la atenci\u00f3n, prevenci\u00f3n y diagn\u00f3stico oportuno de trastornos mentales en personas adultas mayores y trabajadores. La legisladora destac\u00f3 la urgencia de responder a [&hellip;]<\/p>\n","protected":false},"author":3,"featured_media":56076,"comment_status":"open","ping_status":"open","sticky":false,"template":"","format":"standard","meta":{"footnotes":""},"categories":[224],"tags":[],"class_list":["post-56075","post","type-post","status-publish","format-standard","has-post-thumbnail","hentry","category-congreso-del-estado-de-tlaxcala"],"amp_enabled":true,"_links":{"self":[{"href":"https:\/\/labestiapolitica.com.mx\/index.php?rest_route=\/wp\/v2\/posts\/56075","targetHints":{"allow":["GET"]}}],"collection":[{"href":"https:\/\/labestiapolitica.com.mx\/index.php?rest_route=\/wp\/v2\/posts"}],"about":[{"href":"https:\/\/labestiapolitica.com.mx\/index.php?rest_route=\/wp\/v2\/types\/post"}],"author":[{"embeddable":true,"href":"https:\/\/labestiapolitica.com.mx\/index.php?rest_route=\/wp\/v2\/users\/3"}],"replies":[{"embeddable":true,"href":"https:\/\/labestiapolitica.com.mx\/index.php?rest_route=%2Fwp%2Fv2%2Fcomments&post=56075"}],"version-history":[{"count":1,"href":"https:\/\/labestiapolitica.com.mx\/index.php?rest_route=\/wp\/v2\/posts\/56075\/revisions"}],"predecessor-version":[{"id":56077,"href":"https:\/\/labestiapolitica.com.mx\/index.php?rest_route=\/wp\/v2\/posts\/56075\/revisions\/56077"}],"wp:featuredmedia":[{"embeddable":true,"href":"https:\/\/labestiapolitica.com.mx\/index.php?rest_route=\/wp\/v2\/media\/56076"}],"wp:attachment":[{"href":"https:\/\/labestiapolitica.com.mx\/index.php?rest_route=%2Fwp%2Fv2%2Fmedia&parent=56075"}],"wp:term":[{"taxonomy":"category","embeddable":true,"href":"https:\/\/labestiapolitica.com.mx\/index.php?rest_route=%2Fwp%2Fv2%2Fcategories&post=56075"},{"taxonomy":"post_tag","embeddable":true,"href":"https:\/\/labestiapolitica.com.mx\/index.php?rest_route=%2Fwp%2Fv2%2Ftags&post=56075"}],"curies":[{"name":"wp","href":"https:\/\/api.w.org\/{rel}","templated":true}]}}