{"id":56105,"date":"2025-12-05T09:56:56","date_gmt":"2025-12-05T15:56:56","guid":{"rendered":"https:\/\/labestiapolitica.com.mx\/?p=56105"},"modified":"2025-12-05T09:56:56","modified_gmt":"2025-12-05T15:56:56","slug":"%f0%9f%8f%9b%ef%b8%8f-alcalde-alfonso-sanchez-garcia-reconoce-el-trabajo-de-williams-zainos-en-su-primer-informe-de-gobierno","status":"publish","type":"post","link":"https:\/\/labestiapolitica.com.mx\/?p=56105","title":{"rendered":"\ud83c\udfdb\ufe0f Alcalde Alfonso S\u00e1nchez Garc\u00eda reconoce el trabajo de Williams Zainos en su Primer Informe de Gobierno"},"content":{"rendered":"<p style=\"text-align: justify;\" data-start=\"549\" data-end=\"844\">El presidente municipal de Tlaxcala, Alfonso S\u00e1nchez Garc\u00eda, felicit\u00f3 a su hom\u00f3logo de Tepeyanco, Williams Zainos Flores, luego de la presentaci\u00f3n de su Primer Informe de Gobierno, realizada la noche del jueves, donde destac\u00f3 avances en infraestructura, seguridad y bienestar social.<\/p>\n<p style=\"text-align: justify;\" data-start=\"846\" data-end=\"1060\">S\u00e1nchez Garc\u00eda asisti\u00f3 acompa\u00f1ado de su esposa, Marcela Gonz\u00e1lez Castillo, en un evento que reuni\u00f3 tambi\u00e9n a diputadas y diputados locales, funcionarios estatales y presidentes municipales de diversas regiones.<\/p>\n<p style=\"text-align: justify;\" data-start=\"1062\" data-end=\"1391\">El alcalde capitalino reconoci\u00f3 el esfuerzo y resultados del Ayuntamiento de Tepeyanco, y subray\u00f3 que la rendici\u00f3n de cuentas es un ejercicio fundamental para fortalecer la confianza ciudadana. Asimismo, reiter\u00f3 su disposici\u00f3n de continuar impulsando el trabajo coordinado entre municipios para beneficio del desarrollo regional.<\/p>\n<p style=\"text-align: justify;\" data-start=\"1393\" data-end=\"1628\">Durante el informe, Williams Zainos Flores expuso los logros alcanzados en su primer a\u00f1o de administraci\u00f3n, especialmente en obra p\u00fablica, programas sociales y acciones que han mejorado la calidad de vida de las familias del municipio.<\/p>\n<p data-start=\"1393\" data-end=\"1628\"><img loading=\"lazy\" decoding=\"async\" class=\"alignnone size-full wp-image-56107\" src=\"https:\/\/labestiapolitica.com.mx\/wp-content\/uploads\/2025\/12\/WhatsApp-Image-2025-12-05-at-9.20.21-AM.jpeg\" alt=\"\" width=\"1280\" height=\"853\" srcset=\"https:\/\/labestiapolitica.com.mx\/wp-content\/uploads\/2025\/12\/WhatsApp-Image-2025-12-05-at-9.20.21-AM.jpeg 1280w, https:\/\/labestiapolitica.com.mx\/wp-content\/uploads\/2025\/12\/WhatsApp-Image-2025-12-05-at-9.20.21-AM-300x200.jpeg 300w, https:\/\/labestiapolitica.com.mx\/wp-content\/uploads\/2025\/12\/WhatsApp-Image-2025-12-05-at-9.20.21-AM-1024x682.jpeg 1024w, https:\/\/labestiapolitica.com.mx\/wp-content\/uploads\/2025\/12\/WhatsApp-Image-2025-12-05-at-9.20.21-AM-768x512.jpeg 768w\" sizes=\"auto, (max-width: 1280px) 100vw, 1280px\" \/> <img loading=\"lazy\" decoding=\"async\" class=\"alignnone size-full wp-image-56108\" src=\"https:\/\/labestiapolitica.com.mx\/wp-content\/uploads\/2025\/12\/WhatsApp-Image-2025-12-05-at-9.20.22-AM-1.jpeg\" alt=\"\" width=\"1280\" height=\"853\" srcset=\"https:\/\/labestiapolitica.com.mx\/wp-content\/uploads\/2025\/12\/WhatsApp-Image-2025-12-05-at-9.20.22-AM-1.jpeg 1280w, https:\/\/labestiapolitica.com.mx\/wp-content\/uploads\/2025\/12\/WhatsApp-Image-2025-12-05-at-9.20.22-AM-1-300x200.jpeg 300w, https:\/\/labestiapolitica.com.mx\/wp-content\/uploads\/2025\/12\/WhatsApp-Image-2025-12-05-at-9.20.22-AM-1-1024x682.jpeg 1024w, https:\/\/labestiapolitica.com.mx\/wp-content\/uploads\/2025\/12\/WhatsApp-Image-2025-12-05-at-9.20.22-AM-1-768x512.jpeg 768w\" sizes=\"auto, (max-width: 1280px) 100vw, 1280px\" \/><\/p>\n<p data-start=\"1393\" data-end=\"1628\"><img loading=\"lazy\" decoding=\"async\" class=\"alignnone size-full wp-image-55876\" src=\"https:\/\/labestiapolitica.com.mx\/wp-content\/uploads\/2025\/12\/WhatsApp-Image-2025-09-09-at-1.53.55-PM-2.jpeg\" alt=\"\" width=\"940\" height=\"788\" srcset=\"https:\/\/labestiapolitica.com.mx\/wp-content\/uploads\/2025\/12\/WhatsApp-Image-2025-09-09-at-1.53.55-PM-2.jpeg 940w, https:\/\/labestiapolitica.com.mx\/wp-content\/uploads\/2025\/12\/WhatsApp-Image-2025-09-09-at-1.53.55-PM-2-300x251.jpeg 300w, https:\/\/labestiapolitica.com.mx\/wp-content\/uploads\/2025\/12\/WhatsApp-Image-2025-09-09-at-1.53.55-PM-2-768x644.jpeg 768w\" sizes=\"auto, (max-width: 940px) 100vw, 940px\" \/><\/p>\n","protected":false},"excerpt":{"rendered":"<p>El presidente municipal de Tlaxcala, Alfonso S\u00e1nchez Garc\u00eda, felicit\u00f3 a su hom\u00f3logo de Tepeyanco, Williams Zainos Flores, luego de la presentaci\u00f3n de su Primer Informe de Gobierno, realizada la noche del jueves, donde destac\u00f3 avances en infraestructura, seguridad y bienestar social. S\u00e1nchez Garc\u00eda asisti\u00f3 acompa\u00f1ado de su esposa, Marcela Gonz\u00e1lez Castillo, en un evento que [&hellip;]<\/p>\n","protected":false},"author":3,"featured_media":56106,"comment_status":"open","ping_status":"open","sticky":false,"template":"","format":"standard","meta":{"footnotes":""},"categories":[214],"tags":[],"class_list":["post-56105","post","type-post","status-publish","format-standard","has-post-thumbnail","hentry","category-tlaxcala-capital"],"amp_enabled":true,"_links":{"self":[{"href":"https:\/\/labestiapolitica.com.mx\/index.php?rest_route=\/wp\/v2\/posts\/56105","targetHints":{"allow":["GET"]}}],"collection":[{"href":"https:\/\/labestiapolitica.com.mx\/index.php?rest_route=\/wp\/v2\/posts"}],"about":[{"href":"https:\/\/labestiapolitica.com.mx\/index.php?rest_route=\/wp\/v2\/types\/post"}],"author":[{"embeddable":true,"href":"https:\/\/labestiapolitica.com.mx\/index.php?rest_route=\/wp\/v2\/users\/3"}],"replies":[{"embeddable":true,"href":"https:\/\/labestiapolitica.com.mx\/index.php?rest_route=%2Fwp%2Fv2%2Fcomments&post=56105"}],"version-history":[{"count":1,"href":"https:\/\/labestiapolitica.com.mx\/index.php?rest_route=\/wp\/v2\/posts\/56105\/revisions"}],"predecessor-version":[{"id":56109,"href":"https:\/\/labestiapolitica.com.mx\/index.php?rest_route=\/wp\/v2\/posts\/56105\/revisions\/56109"}],"wp:featuredmedia":[{"embeddable":true,"href":"https:\/\/labestiapolitica.com.mx\/index.php?rest_route=\/wp\/v2\/media\/56106"}],"wp:attachment":[{"href":"https:\/\/labestiapolitica.com.mx\/index.php?rest_route=%2Fwp%2Fv2%2Fmedia&parent=56105"}],"wp:term":[{"taxonomy":"category","embeddable":true,"href":"https:\/\/labestiapolitica.com.mx\/index.php?rest_route=%2Fwp%2Fv2%2Fcategories&post=56105"},{"taxonomy":"post_tag","embeddable":true,"href":"https:\/\/labestiapolitica.com.mx\/index.php?rest_route=%2Fwp%2Fv2%2Ftags&post=56105"}],"curies":[{"name":"wp","href":"https:\/\/api.w.org\/{rel}","templated":true}]}}