{"id":56117,"date":"2025-12-05T11:43:43","date_gmt":"2025-12-05T17:43:43","guid":{"rendered":"https:\/\/labestiapolitica.com.mx\/?p=56117"},"modified":"2025-12-05T11:43:43","modified_gmt":"2025-12-05T17:43:43","slug":"revisa-alcalde-capitalino-avances-en-vivienda-y-planeacion-urbana","status":"publish","type":"post","link":"https:\/\/labestiapolitica.com.mx\/?p=56117","title":{"rendered":"Revisa alcalde capitalino avances en vivienda y planeaci\u00f3n urbana"},"content":{"rendered":"<p style=\"text-align: justify;\">Con el objetivo de impulsar un crecimiento urbano ordenado y garantizar certeza en los nuevos desarrollos habitacionales, el presidente municipal de Tlaxcala, Alfonso S\u00e1nchez Garc\u00eda, encabez\u00f3 una reuni\u00f3n de trabajo con representantes del Infonavit y de la Secretar\u00eda de Ordenamiento Territorial y Vivienda (SOTyV).<\/p>\n<p style=\"text-align: justify;\">En el encuentro participaron Laura Alejandra Ram\u00edrez Ortiz, delegada regional del Infonavit Tlaxcala; Ang\u00e9lica Griscel Moya Ruiz, gerente t\u00e9cnica de la delegaci\u00f3n, adem\u00e1s de Antonio Atempa Tuxpan, director de Desarrollo Metropolitano de la SOTyV.<\/p>\n<p style=\"text-align: justify;\">Durante la sesi\u00f3n se revisaron los proyectos de vivienda pr\u00f3ximos a iniciar en la capital, con el fin de fortalecer la planeaci\u00f3n urbana del municipio y mejorar las condiciones de vida de las familias tlaxcaltecas.<\/p>\n<p style=\"text-align: justify;\">Las autoridades coincidieron en la necesidad de ofrecer certidumbre, facilitar tr\u00e1mites y agilizar procesos para que estos desarrollos puedan concretarse en beneficio de la poblaci\u00f3n.<\/p>\n<p style=\"text-align: justify;\">A lo largo de la reuni\u00f3n, Alfonso S\u00e1nchez Garc\u00eda subray\u00f3 que el trabajo coordinado entre el municipio, las dependencias estatales y las instituciones federales es el principal elemento para que m\u00e1s familias accedan a una vivienda digna y segura.<\/p>\n<p style=\"text-align: justify;\">Finalmente, el alcalde reiter\u00f3 su disposici\u00f3n al di\u00e1logo y a la suma de esfuerzos institucionales que permitan consolidar un desarrollo urbano responsable, sostenible y alineado con las necesidades reales de la ciudadan\u00eda.<\/p>\n","protected":false},"excerpt":{"rendered":"<p>Con el objetivo de impulsar un crecimiento urbano ordenado y garantizar certeza en los nuevos desarrollos habitacionales, el presidente municipal de Tlaxcala, Alfonso S\u00e1nchez Garc\u00eda, encabez\u00f3 una reuni\u00f3n de trabajo con representantes del Infonavit y de la Secretar\u00eda de Ordenamiento Territorial y Vivienda (SOTyV). En el encuentro participaron Laura Alejandra Ram\u00edrez Ortiz, delegada regional del [&hellip;]<\/p>\n","protected":false},"author":3,"featured_media":56121,"comment_status":"open","ping_status":"open","sticky":false,"template":"","format":"standard","meta":{"footnotes":""},"categories":[216,214],"tags":[],"class_list":["post-56117","post","type-post","status-publish","format-standard","has-post-thumbnail","hentry","category-municipios","category-tlaxcala-capital"],"amp_enabled":true,"_links":{"self":[{"href":"https:\/\/labestiapolitica.com.mx\/index.php?rest_route=\/wp\/v2\/posts\/56117","targetHints":{"allow":["GET"]}}],"collection":[{"href":"https:\/\/labestiapolitica.com.mx\/index.php?rest_route=\/wp\/v2\/posts"}],"about":[{"href":"https:\/\/labestiapolitica.com.mx\/index.php?rest_route=\/wp\/v2\/types\/post"}],"author":[{"embeddable":true,"href":"https:\/\/labestiapolitica.com.mx\/index.php?rest_route=\/wp\/v2\/users\/3"}],"replies":[{"embeddable":true,"href":"https:\/\/labestiapolitica.com.mx\/index.php?rest_route=%2Fwp%2Fv2%2Fcomments&post=56117"}],"version-history":[{"count":1,"href":"https:\/\/labestiapolitica.com.mx\/index.php?rest_route=\/wp\/v2\/posts\/56117\/revisions"}],"predecessor-version":[{"id":56123,"href":"https:\/\/labestiapolitica.com.mx\/index.php?rest_route=\/wp\/v2\/posts\/56117\/revisions\/56123"}],"wp:featuredmedia":[{"embeddable":true,"href":"https:\/\/labestiapolitica.com.mx\/index.php?rest_route=\/wp\/v2\/media\/56121"}],"wp:attachment":[{"href":"https:\/\/labestiapolitica.com.mx\/index.php?rest_route=%2Fwp%2Fv2%2Fmedia&parent=56117"}],"wp:term":[{"taxonomy":"category","embeddable":true,"href":"https:\/\/labestiapolitica.com.mx\/index.php?rest_route=%2Fwp%2Fv2%2Fcategories&post=56117"},{"taxonomy":"post_tag","embeddable":true,"href":"https:\/\/labestiapolitica.com.mx\/index.php?rest_route=%2Fwp%2Fv2%2Ftags&post=56117"}],"curies":[{"name":"wp","href":"https:\/\/api.w.org\/{rel}","templated":true}]}}