{"id":56124,"date":"2025-12-05T11:54:31","date_gmt":"2025-12-05T17:54:31","guid":{"rendered":"https:\/\/labestiapolitica.com.mx\/?p=56124"},"modified":"2025-12-05T11:54:31","modified_gmt":"2025-12-05T17:54:31","slug":"ayuntamiento-de-tlaxcala-y-sedeco-acercan-servicios-a-emprendedoras","status":"publish","type":"post","link":"https:\/\/labestiapolitica.com.mx\/?p=56124","title":{"rendered":"Ayuntamiento de Tlaxcala y Sedeco acercan servicios a emprendedoras"},"content":{"rendered":"<p style=\"text-align: justify;\">Como parte de los 16 D\u00edas de Activismo contra la Violencia hacia las Mujeres, el Gobierno Municipal de Tlaxcala, que encabeza Alfonso S\u00e1nchez Garc\u00eda, llev\u00f3 a cabo la capacitaci\u00f3n \u201cEmprendimiento de Mujeres\u201d, en coordinaci\u00f3n con la Secretar\u00eda de Desarrollo Econ\u00f3mico del Estado de Tlaxcala (Sedeco)<\/p>\n<p style=\"text-align: justify;\">A trav\u00e9s del Instituto Municipal de la Mujer (IMM), se acerc\u00f3 esta formaci\u00f3n dirigida a mujeres emprendedoras, impartida por Claudia Meza L\u00f3pez, directora de Desarrollo Comercial y Servicios de dicha dependencia.<\/p>\n<p style=\"text-align: justify;\">Durante la sesi\u00f3n, Meza L\u00f3pez present\u00f3 los distintos programas que Sedeco pone a disposici\u00f3n de las emprendedoras, entre ellos el proceso de registro de marca ante el Instituto Mexicano de la Propiedad Industrial, y explic\u00f3 requisitos, etapas y la importancia de proteger legalmente los productos para fortalecer sus ventas.<\/p>\n<p style=\"text-align: justify;\">Asimismo, expuso informaci\u00f3n pr\u00e1ctica sobre c\u00f3mo acceder a herramientas esenciales para potenciar negocios, tales como terminales de punto de venta Clip Mini, con el objetivo de incrementar la competitividad de las MIPyMES tlaxcaltecas.<\/p>\n<p style=\"text-align: justify;\">Las participantes tambi\u00e9n conocieron los mecanismos para integrarse a la Expo Hecho en Tlaxcala, Orgullo e Identidad, realizada anualmente durante la \u201cFeria de ferias\u201d, as\u00ed como los requisitos para obtener la marca \u201cHecho en Tlaxcala\u201d, un distintivo que impulsa la calidad y el consumo local en los sectores agropecuario, tur\u00edstico, industrial y artesanal.<\/p>\n<p style=\"text-align: justify;\">De igual forma, se les explic\u00f3 c\u00f3mo colocar sus productos en plataformas y cadenas de distribuci\u00f3n como la Tienda Oficial Tlaxcala en Mercado Libre y Tlaxcala en Oxxo, espacios que ampl\u00edan la presencia comercial de los negocios locales.<\/p>\n<p style=\"text-align: justify;\">Finalmente, se present\u00f3 el Programa de Apoyo a la Reactivaci\u00f3n Econ\u00f3mica y Fomento a la Cultura Emprendedora en Tlaxcala (PAREFOCET), dirigido a negocios establecidos que buscan formalizarse, particularmente aquellos liderados por mujeres, as\u00ed como a microempresas de industria, comercio o servicios interesadas en fortalecer su operaci\u00f3n.<\/p>\n<p style=\"text-align: justify;\">Para m\u00e1s informaci\u00f3n, se invit\u00f3 a las emprendedoras a acudir a las oficinas de Sedeco, ubicadas en 01 de mayo #22, Centro de Tlaxcala.<\/p>\n","protected":false},"excerpt":{"rendered":"<p>Como parte de los 16 D\u00edas de Activismo contra la Violencia hacia las Mujeres, el Gobierno Municipal de Tlaxcala, que encabeza Alfonso S\u00e1nchez Garc\u00eda, llev\u00f3 a cabo la capacitaci\u00f3n \u201cEmprendimiento de Mujeres\u201d, en coordinaci\u00f3n con la Secretar\u00eda de Desarrollo Econ\u00f3mico del Estado de Tlaxcala (Sedeco) A trav\u00e9s del Instituto Municipal de la Mujer (IMM), se [&hellip;]<\/p>\n","protected":false},"author":3,"featured_media":56126,"comment_status":"open","ping_status":"open","sticky":false,"template":"","format":"standard","meta":{"footnotes":""},"categories":[216,214],"tags":[],"class_list":["post-56124","post","type-post","status-publish","format-standard","has-post-thumbnail","hentry","category-municipios","category-tlaxcala-capital"],"amp_enabled":true,"_links":{"self":[{"href":"https:\/\/labestiapolitica.com.mx\/index.php?rest_route=\/wp\/v2\/posts\/56124","targetHints":{"allow":["GET"]}}],"collection":[{"href":"https:\/\/labestiapolitica.com.mx\/index.php?rest_route=\/wp\/v2\/posts"}],"about":[{"href":"https:\/\/labestiapolitica.com.mx\/index.php?rest_route=\/wp\/v2\/types\/post"}],"author":[{"embeddable":true,"href":"https:\/\/labestiapolitica.com.mx\/index.php?rest_route=\/wp\/v2\/users\/3"}],"replies":[{"embeddable":true,"href":"https:\/\/labestiapolitica.com.mx\/index.php?rest_route=%2Fwp%2Fv2%2Fcomments&post=56124"}],"version-history":[{"count":2,"href":"https:\/\/labestiapolitica.com.mx\/index.php?rest_route=\/wp\/v2\/posts\/56124\/revisions"}],"predecessor-version":[{"id":56127,"href":"https:\/\/labestiapolitica.com.mx\/index.php?rest_route=\/wp\/v2\/posts\/56124\/revisions\/56127"}],"wp:featuredmedia":[{"embeddable":true,"href":"https:\/\/labestiapolitica.com.mx\/index.php?rest_route=\/wp\/v2\/media\/56126"}],"wp:attachment":[{"href":"https:\/\/labestiapolitica.com.mx\/index.php?rest_route=%2Fwp%2Fv2%2Fmedia&parent=56124"}],"wp:term":[{"taxonomy":"category","embeddable":true,"href":"https:\/\/labestiapolitica.com.mx\/index.php?rest_route=%2Fwp%2Fv2%2Fcategories&post=56124"},{"taxonomy":"post_tag","embeddable":true,"href":"https:\/\/labestiapolitica.com.mx\/index.php?rest_route=%2Fwp%2Fv2%2Ftags&post=56124"}],"curies":[{"name":"wp","href":"https:\/\/api.w.org\/{rel}","templated":true}]}}