{"id":56131,"date":"2025-12-05T12:48:51","date_gmt":"2025-12-05T18:48:51","guid":{"rendered":"https:\/\/labestiapolitica.com.mx\/?p=56131"},"modified":"2025-12-05T12:48:51","modified_gmt":"2025-12-05T18:48:51","slug":"huamantla-invita-a-la-segunda-edicion-del-pinaton-en-la-aldea-magica","status":"publish","type":"post","link":"https:\/\/labestiapolitica.com.mx\/?p=56131","title":{"rendered":"Huamantla invita a la segunda edici\u00f3n del \u00abPi\u00f1at\u00f3n\u00bb en la aldea m\u00e1gica"},"content":{"rendered":"<p style=\"text-align: justify;\">El H. Ayuntamiento de Huamantla, a trav\u00e9s de la Coordinaci\u00f3n de Juventud, invita a la ciudadan\u00eda a participar en la segunda edici\u00f3n del Pi\u00f1at\u00f3n, un concurso que busca preservar y enaltecer la tradicional pi\u00f1ata, s\u00edmbolo de uni\u00f3n, creatividad y alegr\u00eda para chicas y chicos, as\u00ed como para adultos.<\/p>\n<p style=\"text-align: justify;\">Las inscripciones quedan abiertas a partir de este momento y podr\u00e1n realizarse directamente en las instalaciones de la Coordinaci\u00f3n de Juventud, ubicada en Bulevar Cuamanco esquina con Reforma S\/N. El cupo ser\u00e1 limitado, por lo que se recomienda a las personas interesadas registrarse con anticipaci\u00f3n.<\/p>\n<p style=\"text-align: justify;\">Requisitos de inscripci\u00f3n:<br \/>\n\u2022 Copia de INE<br \/>\n\u2022 En caso de menores de edad: CURP y copia del INE del padre, madre o tutor<\/p>\n<p style=\"text-align: justify;\">Las y los participantes deber\u00e1n elaborar una pi\u00f1ata con tem\u00e1tica navide\u00f1a, con tama\u00f1o y forma libre, siempre cuidando que sea apta para todo p\u00fablico.<\/p>\n<p style=\"text-align: justify;\">El concurso se llevar\u00e1 a cabo el 17 de diciembre a las 16:00 horas, en el escenario principal del Parque Ju\u00e1rez, como parte de las actividades de la Aldea M\u00e1gica 2025.<\/p>\n<p style=\"text-align: justify;\">El Gobierno Municipal invita a la ciudadan\u00eda a sumarse a esta actividad que impulsa la creatividad, fortalece nuestras tradiciones y llena de color y esp\u00edritu navide\u00f1o a Huamantla<\/p>\n","protected":false},"excerpt":{"rendered":"<p>El H. Ayuntamiento de Huamantla, a trav\u00e9s de la Coordinaci\u00f3n de Juventud, invita a la ciudadan\u00eda a participar en la segunda edici\u00f3n del Pi\u00f1at\u00f3n, un concurso que busca preservar y enaltecer la tradicional pi\u00f1ata, s\u00edmbolo de uni\u00f3n, creatividad y alegr\u00eda para chicas y chicos, as\u00ed como para adultos. Las inscripciones quedan abiertas a partir de [&hellip;]<\/p>\n","protected":false},"author":3,"featured_media":56132,"comment_status":"open","ping_status":"open","sticky":false,"template":"","format":"standard","meta":{"footnotes":""},"categories":[216],"tags":[],"class_list":["post-56131","post","type-post","status-publish","format-standard","has-post-thumbnail","hentry","category-municipios"],"amp_enabled":true,"_links":{"self":[{"href":"https:\/\/labestiapolitica.com.mx\/index.php?rest_route=\/wp\/v2\/posts\/56131","targetHints":{"allow":["GET"]}}],"collection":[{"href":"https:\/\/labestiapolitica.com.mx\/index.php?rest_route=\/wp\/v2\/posts"}],"about":[{"href":"https:\/\/labestiapolitica.com.mx\/index.php?rest_route=\/wp\/v2\/types\/post"}],"author":[{"embeddable":true,"href":"https:\/\/labestiapolitica.com.mx\/index.php?rest_route=\/wp\/v2\/users\/3"}],"replies":[{"embeddable":true,"href":"https:\/\/labestiapolitica.com.mx\/index.php?rest_route=%2Fwp%2Fv2%2Fcomments&post=56131"}],"version-history":[{"count":1,"href":"https:\/\/labestiapolitica.com.mx\/index.php?rest_route=\/wp\/v2\/posts\/56131\/revisions"}],"predecessor-version":[{"id":56133,"href":"https:\/\/labestiapolitica.com.mx\/index.php?rest_route=\/wp\/v2\/posts\/56131\/revisions\/56133"}],"wp:featuredmedia":[{"embeddable":true,"href":"https:\/\/labestiapolitica.com.mx\/index.php?rest_route=\/wp\/v2\/media\/56132"}],"wp:attachment":[{"href":"https:\/\/labestiapolitica.com.mx\/index.php?rest_route=%2Fwp%2Fv2%2Fmedia&parent=56131"}],"wp:term":[{"taxonomy":"category","embeddable":true,"href":"https:\/\/labestiapolitica.com.mx\/index.php?rest_route=%2Fwp%2Fv2%2Fcategories&post=56131"},{"taxonomy":"post_tag","embeddable":true,"href":"https:\/\/labestiapolitica.com.mx\/index.php?rest_route=%2Fwp%2Fv2%2Ftags&post=56131"}],"curies":[{"name":"wp","href":"https:\/\/api.w.org\/{rel}","templated":true}]}}