{"id":56134,"date":"2025-12-05T13:23:31","date_gmt":"2025-12-05T19:23:31","guid":{"rendered":"https:\/\/labestiapolitica.com.mx\/?p=56134"},"modified":"2025-12-05T13:23:31","modified_gmt":"2025-12-05T19:23:31","slug":"totolac-entrega-su-primer-informe-de-gobierno-el-alcalde-benjamin-atonal-conde","status":"publish","type":"post","link":"https:\/\/labestiapolitica.com.mx\/?p=56134","title":{"rendered":"Totolac: Entrega su primer informe de gobierno el alcalde Benjam\u00edn Atonal Conde"},"content":{"rendered":"<p style=\"text-align: justify;\">El presidente municipal, Benjam\u00edn Atonal Conde, entreg\u00f3 hoy su primer informe de gobierno, en el que destac\u00f3 los avances en obra p\u00fablica, servicios municipales y programas sociales que buscan mejorar la calidad de vida de la ciudadan\u00eda.<\/p>\n<p style=\"text-align: justify;\">Durante el evento, Atonal Conde hizo especial \u00e9nfasis en la construcci\u00f3n del pante\u00f3n municipal, que contar\u00e1 con un crematorio y que registra actualmente un avance del 55 %.<\/p>\n<p style=\"text-align: justify;\">Las autoridades municipales informaron que se proyecta que las instalaciones est\u00e9n operando a partir de marzo de 2026, ofreciendo un espacio moderno y seguro para los servicios funerarios del municipio.<\/p>\n<p style=\"text-align: justify;\">El alcalde se\u00f1al\u00f3 que este proyecto busca responder a la creciente demanda de servicios funerarios y mejorar la infraestructura municipal, garantizando un espacio digno para las familias de San Juan Totolac.<\/p>\n<p style=\"text-align: justify;\">Asimismo, resalt\u00f3 que el avance en este tipo de obras refleja el compromiso de su administraci\u00f3n con el bienestar de la comunidad y la eficiencia en la gesti\u00f3n de recursos p\u00fablicos.<\/p>\n<p style=\"text-align: justify;\">En su informe, Benjam\u00edn Atonal Conde tambi\u00e9n destac\u00f3 las acciones en materia de servicios p\u00fablicos, obra comunitaria, programas sociales y coordinaci\u00f3n con la ciudadan\u00eda, reafirmando su compromiso de continuar trabajando por un San Juan Totolac m\u00e1s desarrollado y cercano a sus habitantes.<\/p>\n","protected":false},"excerpt":{"rendered":"<p>El presidente municipal, Benjam\u00edn Atonal Conde, entreg\u00f3 hoy su primer informe de gobierno, en el que destac\u00f3 los avances en obra p\u00fablica, servicios municipales y programas sociales que buscan mejorar la calidad de vida de la ciudadan\u00eda. Durante el evento, Atonal Conde hizo especial \u00e9nfasis en la construcci\u00f3n del pante\u00f3n municipal, que contar\u00e1 con un [&hellip;]<\/p>\n","protected":false},"author":3,"featured_media":56136,"comment_status":"open","ping_status":"open","sticky":false,"template":"","format":"standard","meta":{"footnotes":""},"categories":[216,225],"tags":[],"class_list":["post-56134","post","type-post","status-publish","format-standard","has-post-thumbnail","hentry","category-municipios","category-totolac"],"amp_enabled":true,"_links":{"self":[{"href":"https:\/\/labestiapolitica.com.mx\/index.php?rest_route=\/wp\/v2\/posts\/56134","targetHints":{"allow":["GET"]}}],"collection":[{"href":"https:\/\/labestiapolitica.com.mx\/index.php?rest_route=\/wp\/v2\/posts"}],"about":[{"href":"https:\/\/labestiapolitica.com.mx\/index.php?rest_route=\/wp\/v2\/types\/post"}],"author":[{"embeddable":true,"href":"https:\/\/labestiapolitica.com.mx\/index.php?rest_route=\/wp\/v2\/users\/3"}],"replies":[{"embeddable":true,"href":"https:\/\/labestiapolitica.com.mx\/index.php?rest_route=%2Fwp%2Fv2%2Fcomments&post=56134"}],"version-history":[{"count":1,"href":"https:\/\/labestiapolitica.com.mx\/index.php?rest_route=\/wp\/v2\/posts\/56134\/revisions"}],"predecessor-version":[{"id":56137,"href":"https:\/\/labestiapolitica.com.mx\/index.php?rest_route=\/wp\/v2\/posts\/56134\/revisions\/56137"}],"wp:featuredmedia":[{"embeddable":true,"href":"https:\/\/labestiapolitica.com.mx\/index.php?rest_route=\/wp\/v2\/media\/56136"}],"wp:attachment":[{"href":"https:\/\/labestiapolitica.com.mx\/index.php?rest_route=%2Fwp%2Fv2%2Fmedia&parent=56134"}],"wp:term":[{"taxonomy":"category","embeddable":true,"href":"https:\/\/labestiapolitica.com.mx\/index.php?rest_route=%2Fwp%2Fv2%2Fcategories&post=56134"},{"taxonomy":"post_tag","embeddable":true,"href":"https:\/\/labestiapolitica.com.mx\/index.php?rest_route=%2Fwp%2Fv2%2Ftags&post=56134"}],"curies":[{"name":"wp","href":"https:\/\/api.w.org\/{rel}","templated":true}]}}