{"id":56135,"date":"2025-12-05T13:23:56","date_gmt":"2025-12-05T19:23:56","guid":{"rendered":"https:\/\/labestiapolitica.com.mx\/?p=56135"},"modified":"2025-12-05T13:23:56","modified_gmt":"2025-12-05T19:23:56","slug":"%f0%9f%8e%84%e2%9c%a8-tetla-brillo-con-toda-su-magia-navidena","status":"publish","type":"post","link":"https:\/\/labestiapolitica.com.mx\/?p=56135","title":{"rendered":"\ud83c\udf84\u2728 \u00a1Tetla brill\u00f3 con toda su magia navide\u00f1a!"},"content":{"rendered":"<h1 data-start=\"139\" data-end=\"240\"><strong data-start=\"141\" data-end=\"240\">Encendido del \u00c1rbol de Navidad re\u00fane a cientos de familias en la Plaza de las Am\u00e9ricas de Tetla<\/strong><\/h1>\n<p><strong>JeSerch<\/strong> Mej\u00eda<\/p>\n<p data-start=\"242\" data-end=\"482\">Tetla de la Solidaridad vivi\u00f3 este fin de semana una noche llena de color, m\u00fasica y ambiente festivo con el encendido del \u00c1rbol de Navidad en la Plaza de las Am\u00e9ricas, que luci\u00f3 completamente llena ante la asistencia de cientos de familias.<\/p>\n<p data-start=\"484\" data-end=\"925\">El evento, encabezado por el presidente municipal Giovani Montiel y su esposa Gabriela Mac\u00edas, marc\u00f3 el inicio oficial de la temporada decembrina, en un ambiente que fortaleci\u00f3 la convivencia comunitaria. Con luces, m\u00fasica navide\u00f1a, ponche caliente y la presentaci\u00f3n especial de la Banda Sinf\u00f3nica Infantil, las y los asistentes disfrutaron de un espect\u00e1culo que ilumin\u00f3 el espacio p\u00fablico y reforz\u00f3 el esp\u00edritu de uni\u00f3n entre los tetlenses.<\/p>\n<p data-start=\"927\" data-end=\"1241\">La noche culmin\u00f3 con un show de pirotecnia que brill\u00f3 sobre el cielo de Tetla, generando aplausos y emoci\u00f3n entre los presentes. Las autoridades municipales destacaron que este tipo de actividades buscan promover la convivencia familiar y seguir construyendo espacios seguros y llenos de alegr\u00eda para la poblaci\u00f3n.<\/p>\n<p data-start=\"1243\" data-end=\"1391\">El Gobierno Municipal reiter\u00f3 su compromiso de continuar impulsando acciones que fomenten el bienestar y la uni\u00f3n social en estas fechas especiales.<\/p>\n","protected":false},"excerpt":{"rendered":"<p>Encendido del \u00c1rbol de Navidad re\u00fane a cientos de familias en la Plaza de las Am\u00e9ricas de Tetla JeSerch Mej\u00eda Tetla de la Solidaridad vivi\u00f3 este fin de semana una noche llena de color, m\u00fasica y ambiente festivo con el encendido del \u00c1rbol de Navidad en la Plaza de las Am\u00e9ricas, que luci\u00f3 completamente llena [&hellip;]<\/p>\n","protected":false},"author":3,"featured_media":56138,"comment_status":"open","ping_status":"open","sticky":false,"template":"","format":"standard","meta":{"footnotes":""},"categories":[216,227],"tags":[],"class_list":["post-56135","post","type-post","status-publish","format-standard","has-post-thumbnail","hentry","category-municipios","category-tetla"],"amp_enabled":true,"_links":{"self":[{"href":"https:\/\/labestiapolitica.com.mx\/index.php?rest_route=\/wp\/v2\/posts\/56135","targetHints":{"allow":["GET"]}}],"collection":[{"href":"https:\/\/labestiapolitica.com.mx\/index.php?rest_route=\/wp\/v2\/posts"}],"about":[{"href":"https:\/\/labestiapolitica.com.mx\/index.php?rest_route=\/wp\/v2\/types\/post"}],"author":[{"embeddable":true,"href":"https:\/\/labestiapolitica.com.mx\/index.php?rest_route=\/wp\/v2\/users\/3"}],"replies":[{"embeddable":true,"href":"https:\/\/labestiapolitica.com.mx\/index.php?rest_route=%2Fwp%2Fv2%2Fcomments&post=56135"}],"version-history":[{"count":1,"href":"https:\/\/labestiapolitica.com.mx\/index.php?rest_route=\/wp\/v2\/posts\/56135\/revisions"}],"predecessor-version":[{"id":56139,"href":"https:\/\/labestiapolitica.com.mx\/index.php?rest_route=\/wp\/v2\/posts\/56135\/revisions\/56139"}],"wp:featuredmedia":[{"embeddable":true,"href":"https:\/\/labestiapolitica.com.mx\/index.php?rest_route=\/wp\/v2\/media\/56138"}],"wp:attachment":[{"href":"https:\/\/labestiapolitica.com.mx\/index.php?rest_route=%2Fwp%2Fv2%2Fmedia&parent=56135"}],"wp:term":[{"taxonomy":"category","embeddable":true,"href":"https:\/\/labestiapolitica.com.mx\/index.php?rest_route=%2Fwp%2Fv2%2Fcategories&post=56135"},{"taxonomy":"post_tag","embeddable":true,"href":"https:\/\/labestiapolitica.com.mx\/index.php?rest_route=%2Fwp%2Fv2%2Ftags&post=56135"}],"curies":[{"name":"wp","href":"https:\/\/api.w.org\/{rel}","templated":true}]}}