{"id":56142,"date":"2025-12-05T13:43:55","date_gmt":"2025-12-05T19:43:55","guid":{"rendered":"https:\/\/labestiapolitica.com.mx\/?p=56142"},"modified":"2025-12-05T13:44:51","modified_gmt":"2025-12-05T19:44:51","slug":"%e2%9c%a8-nopalucan-impulsa-el-bienestar-de-ninas-y-ninos-%f0%9f%91%a7%f0%9f%91%a6%f0%9f%8d%8econ-nuevos-comedores-equipados-en-preescolar-y-primaria","status":"publish","type":"post","link":"https:\/\/labestiapolitica.com.mx\/?p=56142","title":{"rendered":"\u2728 Nopalucan impulsa el bienestar de ni\u00f1as y ni\u00f1os \ud83d\udc67\ud83d\udc66\ud83c\udf4econ nuevos comedores equipados en preescolar y primaria"},"content":{"rendered":"<p style=\"text-align: justify;\" data-start=\"257\" data-end=\"675\"><strong>JeSerch<\/strong> Mejia<\/p>\n<p style=\"text-align: justify;\" data-start=\"257\" data-end=\"675\">Nopalucan dio un paso firme en favor del bienestar infantil con la entrega de comedores escolares completamente equipados en el Jard\u00edn de Ni\u00f1os <em data-start=\"411\" data-end=\"429\">Vicente Guerrero<\/em> y la Escuela Primaria <em data-start=\"452\" data-end=\"468\">Miguel N. Lira<\/em>. La acci\u00f3n fue realizada por el Gobierno Municipal en coordinaci\u00f3n con el SEDIF y el SMDIF, como parte de las estrategias integrales para mejorar la nutrici\u00f3n y el desarrollo de ni\u00f1as y ni\u00f1os del municipio.<\/p>\n<p style=\"text-align: justify;\" data-start=\"677\" data-end=\"985\">El presidente municipal, Ing. Pedro P\u00e9rez V\u00e1squez, encabez\u00f3 la entrega y destac\u00f3 que estos espacios dignos y funcionales permitir\u00e1n fortalecer la alimentaci\u00f3n escolar, impulsar h\u00e1bitos saludables y garantizar que las y los estudiantes cuenten con condiciones adecuadas para su crecimiento f\u00edsico y acad\u00e9mico.<\/p>\n<p style=\"text-align: justify;\" data-start=\"987\" data-end=\"1217\">Autoridades locales subrayaron que la instalaci\u00f3n de estos comedores equipados representa un avance significativo en la infraestructura educativa y contribuye directamente a mejorar la calidad de vida de las familias nopalucenses.<\/p>\n<p style=\"text-align: justify;\" data-start=\"1219\" data-end=\"1356\">El municipio reiter\u00f3 su compromiso por seguir impulsando programas que prioricen el bienestar de la ni\u00f1ez y fortalezcan el tejido social.<\/p>\n","protected":false},"excerpt":{"rendered":"<p>JeSerch Mejia Nopalucan dio un paso firme en favor del bienestar infantil con la entrega de comedores escolares completamente equipados en el Jard\u00edn de Ni\u00f1os Vicente Guerrero y la Escuela Primaria Miguel N. Lira. La acci\u00f3n fue realizada por el Gobierno Municipal en coordinaci\u00f3n con el SEDIF y el SMDIF, como parte de las estrategias [&hellip;]<\/p>\n","protected":false},"author":3,"featured_media":56145,"comment_status":"open","ping_status":"open","sticky":false,"template":"","format":"standard","meta":{"footnotes":""},"categories":[216,231,1],"tags":[],"class_list":["post-56142","post","type-post","status-publish","format-standard","has-post-thumbnail","hentry","category-municipios","category-nopalucan","category-uncategorized"],"amp_enabled":true,"_links":{"self":[{"href":"https:\/\/labestiapolitica.com.mx\/index.php?rest_route=\/wp\/v2\/posts\/56142","targetHints":{"allow":["GET"]}}],"collection":[{"href":"https:\/\/labestiapolitica.com.mx\/index.php?rest_route=\/wp\/v2\/posts"}],"about":[{"href":"https:\/\/labestiapolitica.com.mx\/index.php?rest_route=\/wp\/v2\/types\/post"}],"author":[{"embeddable":true,"href":"https:\/\/labestiapolitica.com.mx\/index.php?rest_route=\/wp\/v2\/users\/3"}],"replies":[{"embeddable":true,"href":"https:\/\/labestiapolitica.com.mx\/index.php?rest_route=%2Fwp%2Fv2%2Fcomments&post=56142"}],"version-history":[{"count":2,"href":"https:\/\/labestiapolitica.com.mx\/index.php?rest_route=\/wp\/v2\/posts\/56142\/revisions"}],"predecessor-version":[{"id":56147,"href":"https:\/\/labestiapolitica.com.mx\/index.php?rest_route=\/wp\/v2\/posts\/56142\/revisions\/56147"}],"wp:featuredmedia":[{"embeddable":true,"href":"https:\/\/labestiapolitica.com.mx\/index.php?rest_route=\/wp\/v2\/media\/56145"}],"wp:attachment":[{"href":"https:\/\/labestiapolitica.com.mx\/index.php?rest_route=%2Fwp%2Fv2%2Fmedia&parent=56142"}],"wp:term":[{"taxonomy":"category","embeddable":true,"href":"https:\/\/labestiapolitica.com.mx\/index.php?rest_route=%2Fwp%2Fv2%2Fcategories&post=56142"},{"taxonomy":"post_tag","embeddable":true,"href":"https:\/\/labestiapolitica.com.mx\/index.php?rest_route=%2Fwp%2Fv2%2Ftags&post=56142"}],"curies":[{"name":"wp","href":"https:\/\/api.w.org\/{rel}","templated":true}]}}