{"id":56172,"date":"2025-12-05T18:30:21","date_gmt":"2025-12-06T00:30:21","guid":{"rendered":"https:\/\/labestiapolitica.com.mx\/?p=56172"},"modified":"2025-12-05T18:30:21","modified_gmt":"2025-12-06T00:30:21","slug":"invitan-a-participar-en-el-4-o-concurso-fachadas-magicas-en-huamantla","status":"publish","type":"post","link":"https:\/\/labestiapolitica.com.mx\/?p=56172","title":{"rendered":"Invitan a participar en el 4.\u00ba Concurso \u201cFachadas M\u00e1gicas\u201d en Huamantla."},"content":{"rendered":"<div style=\"text-align: justify;\"><\/div>\n<div style=\"text-align: justify;\">Con la finalidad de promover la convivencia familiar, el esp\u00edritu navide\u00f1o y el orgullo por las tradiciones del municipio, el H. Ayuntamiento de Huamantla lanz\u00f3 la convocatoria para participar en el 4.\u00ba Concurso \u201cFachadas M\u00e1gicas\u201d, abierto a todas las viviendas del municipio sin importar colonia o comunidad. La participaci\u00f3n es completamente gratuita.<\/div>\n<div style=\"text-align: justify;\"><\/div>\n<div style=\"text-align: justify;\"><strong>Registro<\/strong><\/div>\n<div style=\"text-align: justify;\">El registro ser\u00e1 \u00fanicamente de manera f\u00edsica del 5 al 11 de diciembre de 2025 en las oficinas de la Coordinaci\u00f3n de Turismo, ubicadas junto al Museo Nacional del T\u00edtere, en un horario de 9:00 a 16:00 horas.<\/div>\n<div style=\"text-align: justify;\"><\/div>\n<div style=\"text-align: justify;\"><strong>Requisitos<\/strong><\/div>\n<div style=\"text-align: justify;\">Las y los participantes deber\u00e1n:<\/div>\n<div style=\"text-align: justify;\">\u2022Completar el formato oficial de inscripci\u00f3n.<\/div>\n<div style=\"text-align: justify;\">\u2022Proporcionar datos de contacto de la persona responsable de la vivienda inscrita.<\/div>\n<div style=\"text-align: justify;\">\u2022Entregar material digital que incluya entre 5 y 8 fotograf\u00edas de la fachada decorada.<\/div>\n<div style=\"text-align: justify;\">\u2022Enviar 1 video corto, de m\u00e1ximo 20 segundos, mostrando la decoraci\u00f3n completa.<\/div>\n<div style=\"text-align: justify;\"><\/div>\n<div style=\"text-align: justify;\">Las im\u00e1genes y el video ser\u00e1n utilizados para la din\u00e1mica de votaci\u00f3n, por lo que deber\u00e1n mostrar claramente todos los detalles del adorno.<\/div>\n<div style=\"text-align: justify;\"><\/div>\n<div style=\"text-align: justify;\"><strong>Din\u00e1mica de participaci\u00f3n<\/strong><\/div>\n<div style=\"text-align: justify;\">El 13 de diciembre de 2025 se publicar\u00e1 en la p\u00e1gina oficial del Presidente Municipal una galer\u00eda con todas las fachadas inscritas.<\/div>\n<div style=\"text-align: justify;\"><\/div>\n<div style=\"text-align: justify;\">La din\u00e1mica consistir\u00e1 en que el p\u00fablico otorgue \u201cme gusta\u201d o reacciones en cada publicaci\u00f3n.<\/div>\n<div style=\"text-align: justify;\">Las cinco fachadas con mayor n\u00famero de reacciones ser\u00e1n las ganadoras del concurso.<\/div>\n<div style=\"text-align: justify;\"><\/div>\n<div style=\"text-align: justify;\">El conteo finalizar\u00e1 el 14 de diciembre a las 23:00 horas.<\/div>\n<div style=\"text-align: justify;\"><\/div>\n<div style=\"text-align: justify;\"><strong>Premiaci\u00f3n<\/strong><\/div>\n<div style=\"text-align: justify;\">Los resultados se publicar\u00e1n el 15 de diciembre a las 11:00 horas, y la premiaci\u00f3n se llevar\u00e1 a cabo ese mismo d\u00eda a las 16:00 horas en el Parque Ju\u00e1rez.<\/div>\n<div style=\"text-align: justify;\"><\/div>\n<div style=\"text-align: justify;\">La fachada con mayor votaci\u00f3n obtendr\u00e1 como premio principal una pantalla de 50\u201d.<\/div>\n<div style=\"text-align: justify;\"><\/div>\n<div style=\"text-align: justify;\">La decoraci\u00f3n deber\u00e1 ser visible desde la v\u00eda p\u00fablica y mantener un ambiente completamente familiar. No se permitir\u00e1 el uso de elementos que obstruyan la v\u00eda p\u00fablica o pongan en riesgo a peatones o veh\u00edculos.<\/div>\n<div style=\"text-align: justify;\"><\/div>\n<div style=\"text-align: justify;\">Cualquier situaci\u00f3n no prevista en esta convocatoria ser\u00e1 resuelta por el Comit\u00e9 Organizador.<\/div>\n","protected":false},"excerpt":{"rendered":"<p>Con la finalidad de promover la convivencia familiar, el esp\u00edritu navide\u00f1o y el orgullo por las tradiciones del municipio, el H. Ayuntamiento de Huamantla lanz\u00f3 la convocatoria para participar en el 4.\u00ba Concurso \u201cFachadas M\u00e1gicas\u201d, abierto a todas las viviendas del municipio sin importar colonia o comunidad. La participaci\u00f3n es completamente gratuita. Registro El registro [&hellip;]<\/p>\n","protected":false},"author":5,"featured_media":56173,"comment_status":"open","ping_status":"open","sticky":false,"template":"","format":"standard","meta":{"footnotes":""},"categories":[7,216],"tags":[],"class_list":["post-56172","post","type-post","status-publish","format-standard","has-post-thumbnail","hentry","category-ciudadanos","category-municipios"],"amp_enabled":true,"_links":{"self":[{"href":"https:\/\/labestiapolitica.com.mx\/index.php?rest_route=\/wp\/v2\/posts\/56172","targetHints":{"allow":["GET"]}}],"collection":[{"href":"https:\/\/labestiapolitica.com.mx\/index.php?rest_route=\/wp\/v2\/posts"}],"about":[{"href":"https:\/\/labestiapolitica.com.mx\/index.php?rest_route=\/wp\/v2\/types\/post"}],"author":[{"embeddable":true,"href":"https:\/\/labestiapolitica.com.mx\/index.php?rest_route=\/wp\/v2\/users\/5"}],"replies":[{"embeddable":true,"href":"https:\/\/labestiapolitica.com.mx\/index.php?rest_route=%2Fwp%2Fv2%2Fcomments&post=56172"}],"version-history":[{"count":1,"href":"https:\/\/labestiapolitica.com.mx\/index.php?rest_route=\/wp\/v2\/posts\/56172\/revisions"}],"predecessor-version":[{"id":56174,"href":"https:\/\/labestiapolitica.com.mx\/index.php?rest_route=\/wp\/v2\/posts\/56172\/revisions\/56174"}],"wp:featuredmedia":[{"embeddable":true,"href":"https:\/\/labestiapolitica.com.mx\/index.php?rest_route=\/wp\/v2\/media\/56173"}],"wp:attachment":[{"href":"https:\/\/labestiapolitica.com.mx\/index.php?rest_route=%2Fwp%2Fv2%2Fmedia&parent=56172"}],"wp:term":[{"taxonomy":"category","embeddable":true,"href":"https:\/\/labestiapolitica.com.mx\/index.php?rest_route=%2Fwp%2Fv2%2Fcategories&post=56172"},{"taxonomy":"post_tag","embeddable":true,"href":"https:\/\/labestiapolitica.com.mx\/index.php?rest_route=%2Fwp%2Fv2%2Ftags&post=56172"}],"curies":[{"name":"wp","href":"https:\/\/api.w.org\/{rel}","templated":true}]}}