{"id":56175,"date":"2025-12-05T18:39:27","date_gmt":"2025-12-06T00:39:27","guid":{"rendered":"https:\/\/labestiapolitica.com.mx\/?p=56175"},"modified":"2025-12-05T18:39:27","modified_gmt":"2025-12-06T00:39:27","slug":"anuncia-alcalde-alfonso-sanchez-garcia-inicio-de-la-rehabilitacion-de-los-bulevares-ocotelulco-y-del-maestro-a-partir-del-proximo-17-de-diciembre","status":"publish","type":"post","link":"https:\/\/labestiapolitica.com.mx\/?p=56175","title":{"rendered":"Anuncia alcalde Alfonso S\u00e1nchez Garc\u00eda inicio de la rehabilitaci\u00f3n de los bulevares Ocotelulco y del Maestro a partir del pr\u00f3ximo 17 de diciembre."},"content":{"rendered":"<article class=\"text-token-text-primary w-full focus:outline-none [--shadow-height:45px] has-data-writing-block:pointer-events-none has-data-writing-block:-mt-(--shadow-height) has-data-writing-block:pt-(--shadow-height) [&amp;:has([data-writing-block])&gt;*]:pointer-events-auto scroll-mt-[calc(var(--header-height)+min(200px,max(70px,20svh)))]\" dir=\"auto\" tabindex=\"-1\" data-turn-id=\"request-68faf7bc-42a0-832e-bbbb-b972adec112b-0\" data-testid=\"conversation-turn-174\" data-scroll-anchor=\"true\" data-turn=\"assistant\">\n<div class=\"text-base my-auto mx-auto pb-10 [--thread-content-margin:--spacing(4)] @w-sm\/main:[--thread-content-margin:--spacing(6)] @w-lg\/main:[--thread-content-margin:--spacing(16)] px-(--thread-content-margin)\">\n<div class=\"[--thread-content-max-width:40rem] @w-lg\/main:[--thread-content-max-width:48rem] mx-auto max-w-(--thread-content-max-width) flex-1 group\/turn-messages focus-visible:outline-hidden relative flex w-full min-w-0 flex-col agent-turn\" tabindex=\"-1\">\n<div class=\"flex max-w-full flex-col grow\">\n<div class=\"min-h-8 text-message relative flex w-full flex-col items-end gap-2 text-start break-words whitespace-normal [.text-message+&amp;]:mt-1\" dir=\"auto\" data-message-author-role=\"assistant\" data-message-id=\"0f2d74b7-ab0b-4664-b331-ce9c8b5157d8\" data-message-model-slug=\"gpt-5-1\">\n<div class=\"flex w-full flex-col gap-1 empty:hidden first:pt-[1px]\">\n<div class=\"markdown prose dark:prose-invert w-full break-words dark markdown-new-styling\">\n<p style=\"text-align: justify;\" data-start=\"0\" data-end=\"145\" data-is-last-node=\"\" data-is-only-node=\"\">En respuesta a una de las solicitudes m\u00e1s reiteradas por vecinos, comerciantes y conductores, el Gobierno Municipal de Tlaxcala anunci\u00f3 el inicio de la rehabilitaci\u00f3n integral del Bulevar Ocotelulco y Bulevar del Maestro, la cual dar\u00e1 inicio el pr\u00f3ximo mi\u00e9rcoles 17 de diciembre.<\/p>\n<\/div>\n<\/div>\n<\/div>\n<\/div>\n<\/div>\n<\/div>\n<\/article>\n<p style=\"text-align: justify;\">A trav\u00e9s de sus redes sociales, el alcalde Alfonso S\u00e1nchez Garc\u00eda confirm\u00f3 el arranque de los trabajos y en su mensaje afirm\u00f3: \u201cseguimos rescatando la capital con m\u00e1s obras y hoy gracias al respaldo de la gobernadora Lorena Cu\u00e9llar Cisneros ser\u00e1n una realidad\u201d.<\/p>\n<p style=\"text-align: justify;\">De esta manera, el alcalde refiri\u00f3 que la primera etapa contempla el cierre total del Bulevar Ocotelulco, mientras que el Bulevar del Maestro operar\u00e1 temporalmente en doble sentido. Esta medida permitir\u00e1 agilizar el tr\u00e1nsito mientras se ejecutan los trabajos.<\/p>\n<p style=\"text-align: justify;\">Asimismo, destac\u00f3 que la obra incluye la rehabilitaci\u00f3n completa de ambos bulevares, comenzando por la zona m\u00e1s da\u00f1ada, la cual ha sido motivo de constantes reportes ciudadanos.<\/p>\n<p style=\"text-align: justify;\">Por su parte, el director de Obras P\u00fablicas y Desarrollo Urbano del Ayuntamiento, Iram Papaqui Texpa, inform\u00f3 que elementos de Vialidad, delegados y personal operativo ser\u00e1n los encargados de informar a los vecinos casa por casa, as\u00ed como a cada negocio y oficinas ubicadas en la zona sobre la log\u00edstica de estas obras, con el fin de reducir las afectaciones a la ciudadan\u00eda.<\/p>\n<p style=\"text-align: justify;\">Como parte de la estrategia vial, se implementar\u00e1n acciones preventivas, rondines y ajustes en la se\u00f1al\u00e9tica, incluida la inhabilitaci\u00f3n temporal del sem\u00e1foro en la intersecci\u00f3n de la Calle 7 con la Calle 1, donde se colocar\u00e1 se\u00f1alizaci\u00f3n de \u201cuno por uno\u201d para favorecer la fluidez.<\/p>\n<p style=\"text-align: justify;\">El gobierno municipal exhorta a la ciudadan\u00eda a colaborar con el fortalecimiento de la cultura vial, especialmente en torno a la circulaci\u00f3n y estacionamiento en zonas conflictivas aleda\u00f1as a d\u00f3nde se llevar\u00e1n a cabo los trabajos.<\/p>\n","protected":false},"excerpt":{"rendered":"<p>En respuesta a una de las solicitudes m\u00e1s reiteradas por vecinos, comerciantes y conductores, el Gobierno Municipal de Tlaxcala anunci\u00f3 el inicio de la rehabilitaci\u00f3n integral del Bulevar Ocotelulco y Bulevar del Maestro, la cual dar\u00e1 inicio el pr\u00f3ximo mi\u00e9rcoles 17 de diciembre. A trav\u00e9s de sus redes sociales, el alcalde Alfonso S\u00e1nchez Garc\u00eda confirm\u00f3 [&hellip;]<\/p>\n","protected":false},"author":5,"featured_media":56176,"comment_status":"open","ping_status":"open","sticky":false,"template":"","format":"standard","meta":{"footnotes":""},"categories":[7,216,214],"tags":[],"class_list":["post-56175","post","type-post","status-publish","format-standard","has-post-thumbnail","hentry","category-ciudadanos","category-municipios","category-tlaxcala-capital"],"amp_enabled":true,"_links":{"self":[{"href":"https:\/\/labestiapolitica.com.mx\/index.php?rest_route=\/wp\/v2\/posts\/56175","targetHints":{"allow":["GET"]}}],"collection":[{"href":"https:\/\/labestiapolitica.com.mx\/index.php?rest_route=\/wp\/v2\/posts"}],"about":[{"href":"https:\/\/labestiapolitica.com.mx\/index.php?rest_route=\/wp\/v2\/types\/post"}],"author":[{"embeddable":true,"href":"https:\/\/labestiapolitica.com.mx\/index.php?rest_route=\/wp\/v2\/users\/5"}],"replies":[{"embeddable":true,"href":"https:\/\/labestiapolitica.com.mx\/index.php?rest_route=%2Fwp%2Fv2%2Fcomments&post=56175"}],"version-history":[{"count":1,"href":"https:\/\/labestiapolitica.com.mx\/index.php?rest_route=\/wp\/v2\/posts\/56175\/revisions"}],"predecessor-version":[{"id":56177,"href":"https:\/\/labestiapolitica.com.mx\/index.php?rest_route=\/wp\/v2\/posts\/56175\/revisions\/56177"}],"wp:featuredmedia":[{"embeddable":true,"href":"https:\/\/labestiapolitica.com.mx\/index.php?rest_route=\/wp\/v2\/media\/56176"}],"wp:attachment":[{"href":"https:\/\/labestiapolitica.com.mx\/index.php?rest_route=%2Fwp%2Fv2%2Fmedia&parent=56175"}],"wp:term":[{"taxonomy":"category","embeddable":true,"href":"https:\/\/labestiapolitica.com.mx\/index.php?rest_route=%2Fwp%2Fv2%2Fcategories&post=56175"},{"taxonomy":"post_tag","embeddable":true,"href":"https:\/\/labestiapolitica.com.mx\/index.php?rest_route=%2Fwp%2Fv2%2Ftags&post=56175"}],"curies":[{"name":"wp","href":"https:\/\/api.w.org\/{rel}","templated":true}]}}