{"id":56188,"date":"2025-12-05T19:08:18","date_gmt":"2025-12-06T01:08:18","guid":{"rendered":"https:\/\/labestiapolitica.com.mx\/?p=56188"},"modified":"2025-12-05T19:08:18","modified_gmt":"2025-12-06T01:08:18","slug":"confirman-la-villa-navidena-2025-espectaculos-desfiles-y-actividades-para-toda-la-familia","status":"publish","type":"post","link":"https:\/\/labestiapolitica.com.mx\/?p=56188","title":{"rendered":"Confirman la Villa Navide\u00f1a 2025: espect\u00e1culos, desfiles y actividades para toda la familia."},"content":{"rendered":"<ul>\n<li style=\"text-align: justify;\">Del 14 de diciembre de 2025 al 2 de enero de 2026, el Recinto Ferial ofrecer\u00e1 atracciones, espect\u00e1culos gratuitos y experiencias familiares, incluyendo un show internacional sobre hielo y concursos_<\/li>\n<\/ul>\n<p style=\"text-align: justify;\">El Patronato para las Exposiciones y Ferias en la Ciudad de Tlaxcala confirm\u00f3 la realizaci\u00f3n de la Villa Navide\u00f1a 2025, que abrir\u00e1 sus puertas del 14 de diciembre de 2025 al 2 de enero de 2026 en el Recinto Ferial, consolid\u00e1ndose como uno de los eventos decembrinos m\u00e1s esperados por las familias tlaxcaltecas.<\/p>\n<p style=\"text-align: justify;\">Una de las principales atracciones de esta edici\u00f3n ser\u00e1 el espect\u00e1culo gratuito de patinaje sobre hielo \u201cUn cuento de Navidad\u201d, con 16 patinadores internacionales y dos funciones diarias, a las 18:00 y 20:00 horas, que busca revivir el esp\u00edritu navide\u00f1o a trav\u00e9s de una puesta en escena de alto nivel.<\/p>\n<p style=\"text-align: justify;\">Los asistentes podr\u00e1n disfrutar de sets fotogr\u00e1ficos tem\u00e1ticos, gigantograf\u00edas, mojigangas, zanqueros y del tradicional Nacimiento Monumental de la familia Huitr\u00f3n, as\u00ed como entregar cartas a los Reyes Magos en los buzones instalados dentro del recinto.<\/p>\n<p style=\"text-align: justify;\">La Villa Navide\u00f1a 2025 ofrecer\u00e1 nuevas y cl\u00e1sicas atracciones, entre ellas: circuito de go karts y paseo en tren navide\u00f1o, cuyo recorrido ser\u00e1 gratuito los d\u00edas lunes de 16:00 a 17:00 horas; juegos mec\u00e1nicos sin costo los martes en el mismo horario; y la posada tradicional el 19 de diciembre a las 19:00 horas.<\/p>\n<p style=\"text-align: justify;\">Adem\u00e1s de zona comercial y de food trucks, donde artesanos, emprendedores y cocineros locales ofrecer\u00e1n productos y gastronom\u00eda t\u00edpica.<\/p>\n<p style=\"text-align: justify;\">La Direcci\u00f3n de Cultura, Recreaci\u00f3n y Deporte de la Secretar\u00eda de Educaci\u00f3n P\u00fablica del Estado y la Unidad de Servicios Educativos de Tlaxcala (SEPE-USET) se sumar\u00e1 actividades como la exhibici\u00f3n diaria de nacimientos en el Sal\u00f3n Huamantla; el concierto navide\u00f1o de la Banda Monumental el 16 de diciembre a las 19:00 horas; y el concurso de nacimientos ese mismo d\u00eda a las 17:30 horas.<\/p>\n<p style=\"text-align: justify;\">El concurso de disfraces \u201cNavidad con Huellitas\u201d se realizar\u00e1 el 26 de diciembre a las 19:00 horas, en el t\u00fanel frente al palenque, podr\u00e1n participar perros de cualquier raza, talla o edad con tem\u00e1tica navide\u00f1a. Los premios econ\u00f3micos ser\u00e1n de 3 mil, 2 mil y mil pesos para los tres primeros lugares. Las inscripciones se realizar\u00e1n del 15 al 23 de diciembre, de lunes a viernes, de 15:00 a 17:00 horas, en las oficinas del Patronato.<\/p>\n<p style=\"text-align: justify;\">Los desfiles navide\u00f1os se celebrar\u00e1n todos los viernes y s\u00e1bados a las 19:00 horas dentro del recinto ferial. El cierre de temporada ser\u00e1 el 2 de enero con la tradicional partida de rosca, frente al Lienzo Charro.<\/p>\n<p style=\"text-align: justify;\">La Villa Navide\u00f1a operar\u00e1 diariamente de 16:00 a 22:00 horas, excepto los d\u00edas 24 y 31 de diciembre. Las autoridades esperan una alta afluencia de visitantes locales y for\u00e1neos, por lo que se recomienda seguir con atenci\u00f3n las redes sociales oficiales @VillaNavide\u00f1aTlaxcala2025 para conocer el programa completo y actualizaciones del evento.<\/p>\n","protected":false},"excerpt":{"rendered":"<p>Del 14 de diciembre de 2025 al 2 de enero de 2026, el Recinto Ferial ofrecer\u00e1 atracciones, espect\u00e1culos gratuitos y experiencias familiares, incluyendo un show internacional sobre hielo y concursos_ El Patronato para las Exposiciones y Ferias en la Ciudad de Tlaxcala confirm\u00f3 la realizaci\u00f3n de la Villa Navide\u00f1a 2025, que abrir\u00e1 sus puertas del [&hellip;]<\/p>\n","protected":false},"author":5,"featured_media":56189,"comment_status":"open","ping_status":"open","sticky":false,"template":"","format":"standard","meta":{"footnotes":""},"categories":[7,216,214],"tags":[],"class_list":["post-56188","post","type-post","status-publish","format-standard","has-post-thumbnail","hentry","category-ciudadanos","category-municipios","category-tlaxcala-capital"],"amp_enabled":true,"_links":{"self":[{"href":"https:\/\/labestiapolitica.com.mx\/index.php?rest_route=\/wp\/v2\/posts\/56188","targetHints":{"allow":["GET"]}}],"collection":[{"href":"https:\/\/labestiapolitica.com.mx\/index.php?rest_route=\/wp\/v2\/posts"}],"about":[{"href":"https:\/\/labestiapolitica.com.mx\/index.php?rest_route=\/wp\/v2\/types\/post"}],"author":[{"embeddable":true,"href":"https:\/\/labestiapolitica.com.mx\/index.php?rest_route=\/wp\/v2\/users\/5"}],"replies":[{"embeddable":true,"href":"https:\/\/labestiapolitica.com.mx\/index.php?rest_route=%2Fwp%2Fv2%2Fcomments&post=56188"}],"version-history":[{"count":1,"href":"https:\/\/labestiapolitica.com.mx\/index.php?rest_route=\/wp\/v2\/posts\/56188\/revisions"}],"predecessor-version":[{"id":56190,"href":"https:\/\/labestiapolitica.com.mx\/index.php?rest_route=\/wp\/v2\/posts\/56188\/revisions\/56190"}],"wp:featuredmedia":[{"embeddable":true,"href":"https:\/\/labestiapolitica.com.mx\/index.php?rest_route=\/wp\/v2\/media\/56189"}],"wp:attachment":[{"href":"https:\/\/labestiapolitica.com.mx\/index.php?rest_route=%2Fwp%2Fv2%2Fmedia&parent=56188"}],"wp:term":[{"taxonomy":"category","embeddable":true,"href":"https:\/\/labestiapolitica.com.mx\/index.php?rest_route=%2Fwp%2Fv2%2Fcategories&post=56188"},{"taxonomy":"post_tag","embeddable":true,"href":"https:\/\/labestiapolitica.com.mx\/index.php?rest_route=%2Fwp%2Fv2%2Ftags&post=56188"}],"curies":[{"name":"wp","href":"https:\/\/api.w.org\/{rel}","templated":true}]}}